{"id":3620,"date":"2025-12-19T13:46:10","date_gmt":"2025-12-19T13:46:10","guid":{"rendered":"https:\/\/www.prudentes.de\/?p=3620"},"modified":"2026-03-04T13:47:17","modified_gmt":"2026-03-04T13:47:17","slug":"podcast-zaw-zukunft-automobilwirtschaft-mit-heinz-dieter-tiemeyer","status":"publish","type":"post","link":"https:\/\/www.prudentes.de\/en\/podcast-zaw-zukunft-automobilwirtschaft-mit-heinz-dieter-tiemeyer","title":{"rendered":"Pod\u00adcast: ZAW | Zukunft Auto\u00admo\u00adbil\u00adwirt\u00adschaft mit Heinz-Die\u00adter Tiemeyer"},"content":{"rendered":"\n[et_pb_section fb_built=\"1\" _builder_version=\"4.25.0\" _module_preset=\"default\" global_colors_info=\"{}\" theme_builder_area=\"post_content\"][et_pb_row _builder_version=\"4.25.0\" _module_preset=\"default\" global_colors_info=\"{}\" theme_builder_area=\"post_content\"][et_pb_column type=\"4_4\" _builder_version=\"4.25.0\" _module_preset=\"default\" global_colors_info=\"{}\" theme_builder_area=\"post_content\"][et_pb_heading title=\"ZAW mit Heinz-Dieter Tiemeyer: Transformation im Automobilhandel \u2013 Herausforderungen, Strategien und Zukunftsbilder\" _builder_version=\"4.27.6\" _module_preset=\"default\" title_level=\"h2\" title_font=\"||||||||\" hover_enabled=\"0\" global_colors_info=\"{}\" theme_builder_area=\"post_content\" sticky_enabled=\"0\"][\/et_pb_heading][\/et_pb_column][\/et_pb_row][et_pb_row _builder_version=\"4.25.0\" _module_preset=\"default\" global_colors_info=\"{}\" theme_builder_area=\"post_content\"][et_pb_column type=\"4_4\" _builder_version=\"4.25.0\" _module_preset=\"default\" global_colors_info=\"{}\" theme_builder_area=\"post_content\"][et_pb_image src=\"https:\/\/www.prudentes.de\/wp-content\/uploads\/2026\/03\/Bild16.png\" title_text=\"Bild16\" align=\"center\" _builder_version=\"4.27.6\" _module_preset=\"default\" hover_enabled=\"0\" global_colors_info=\"{}\" theme_builder_area=\"post_content\" sticky_enabled=\"0\"][\/et_pb_image][\/et_pb_column][\/et_pb_row][et_pb_row _builder_version=\"4.25.0\" _module_preset=\"default\" global_colors_info=\"{}\" theme_builder_area=\"post_content\"][et_pb_column type=\"4_4\" _builder_version=\"4.25.0\" _module_preset=\"default\" global_colors_info=\"{}\" theme_builder_area=\"post_content\"][et_pb_text _builder_version=\"4.25.0\" _module_preset=\"default\" global_colors_info=\"{}\" theme_builder_area=\"post_content\"]<p style=\"text-align: justify;\">Willkommen zum Podcast \"Zukunft Automobilwirtschaft\"! Wir sprechen \u00fcber die Zukunft des Automobilhandels und die Themen, die die Branche besch\u00e4ftigen. In unseren Episoden sprechen wir \u00fcber M&amp;A-Prozesse, Nachwuchsf\u00f6rderung, neue Gesch\u00e4ftsmodelle und andere wichtige Themen. Unsere renommierten Interviewpartner teilen ihre Erfahrungen und Einblicke in die Branche und zeigen Strategien f\u00fcr die Herausforderungen der Zukunft auf. Wir laden Sie ein, uns auf dieser spannenden Reise durch die Welt des Automobilhandels zu begleiten.<\/p>[\/et_pb_text][et_pb_text _builder_version=\"4.27.6\" _module_preset=\"default\" hover_enabled=\"0\" global_colors_info=\"{}\" theme_builder_area=\"post_content\" sticky_enabled=\"0\"]<div class=\"lykOktr3YIn79xOvVQtS\">\n<div class=\"lykOktr3YIn79xOvVQtS\">\n<div class=\"lykOktr3YIn79xOvVQtS\">\n<p class=\"e-91090-text encore-text-body-medium\" data-encore-id=\"text\" data-slate-node=\"element\"><span data-slate-node=\"text\"><span data-slate-leaf=\"true\" class=\"sc-cyPKZf cXfjgj\">In dieser Folge begr\u00fc\u00dfen wir Heinz-Dieter Tiemeyer, einen der profiliertesten Unternehmer im deutschen Automobilhandel und Kopf der Tiemeyer Gruppe mit \u00fcber 40 Standorten im Ruhrgebiet.<\/span><\/span><\/p>\n<p class=\"e-91090-text encore-text-body-medium\" data-encore-id=\"text\" data-slate-node=\"element\"><span data-slate-node=\"text\"><span data-slate-leaf=\"true\" class=\"sc-cyPKZf cXfjgj\">Wir sprechen \u00fcber seinen au\u00dfergew\u00f6hnlichen Werdegang \u2013 vom Einstieg in den elterlichen Betrieb \u00fcber die \u00dcbernahme erster Autoh\u00e4user bis hin zum Aufbau einer der gr\u00f6\u00dften Handelsgruppen Deutschlands. Tiemeyer schildert, wie stark das Ruhrgebiet vom Wettbewerb gepr\u00e4gt ist und warum f\u00fcr ihn ein konsequent zahlengetriebenes Management der Schl\u00fcssel zum Erfolg wurde.<\/span><\/span><\/p>\n<p class=\"e-91090-text encore-text-body-medium\" data-encore-id=\"text\" data-slate-node=\"element\"><span data-slate-node=\"text\"><span data-slate-leaf=\"true\" class=\"sc-cyPKZf cXfjgj\">Ein zentraler Punkt ist der Wandel des Automobilhandels: weg vom klassischen Fahrzeugverkauf hin zu Finanzierungsmodellen, Servicepaketen und Flatrates. Offen beschreibt er, weshalb Elektromobilit\u00e4t zwar politisch forciert wird, viele Kunden jedoch weiterhin skeptisch bleiben. Ladeinfrastruktur, Energiepreise und Technologieoffenheit spielen f\u00fcr ihn eine entscheidende Rolle.<\/span><\/span><\/p>\n<p class=\"e-91090-text encore-text-body-medium\" data-encore-id=\"text\" data-slate-node=\"element\"><span data-slate-node=\"text\"><span data-slate-leaf=\"true\" class=\"sc-cyPKZf cXfjgj\">Wir sprechen au\u00dferdem \u00fcber die strategische Ausrichtung der Tiemeyer Gruppe \u2013 insbesondere den Ausbau des Gebrauchtwagengesch\u00e4fts, gro\u00dfe zentrale Logistikfl\u00e4chen und die Notwendigkeit klar definierter Prozesse. Aktuelle Herausforderungen wie schw\u00e4chere Werkstattauslastung oder sinkende Margen begegnet Tiemeyer mit Kostenfokus, Effizienz und hoher Kundenzentrierung.<\/span><\/span><\/p>\n<p class=\"e-91090-text encore-text-body-medium\" data-encore-id=\"text\" data-slate-node=\"element\"><span data-slate-node=\"text\"><span data-slate-leaf=\"true\" class=\"sc-cyPKZf cXfjgj\">Ein besonderes Highlight: die Tiemeyer Academy. Sie bildet das Herzst\u00fcck der internen Personalentwicklung, qualifiziert j\u00e4hrlich hunderte Mitarbeitende und \u00f6ffnet systematische Karrierewege innerhalb des Unternehmens. Auch Nachhaltigkeit spielt eine gro\u00dfe Rolle: von Aufforstungsprojekten \u00fcber Photovoltaik bis hin zu professioneller ESG-Berichterstattung.<\/span><\/span><\/p>\n<p class=\"e-91090-text encore-text-body-medium\" data-encore-id=\"text\" data-slate-node=\"element\"><span data-slate-node=\"text\"><span data-slate-leaf=\"true\" class=\"sc-cyPKZf cXfjgj\">Zum Abschluss richtet sich der Blick nach vorn: Wie sieht der Autohandel 2030 aus? Warum wird die Konsolidierung weiter voranschreiten? Und in welchen Bereichen plant die Tiemeyer Gruppe weiteres Wachstum?<\/span><\/span><\/p>\n<p class=\"e-91090-text encore-text-body-medium\" data-encore-id=\"text\" data-slate-node=\"element\" data-slate-fragment=\"JTVCJTdCJTIydHlwZSUyMiUzQSUyMnBhcmFncmFwaCUyMiUyQyUyMmNoaWxkcmVuJTIyJTNBJTVCJTdCJTIydGV4dCUyMiUzQSUyMkluJTIwZGllc2VyJTIwRm9sZ2UlMjBiZWdyJUMzJUJDJUMzJTlGZW4lMjB3aXIlMjBIZWluei1EaWV0ZXIlMjBUaWVtZXllciUyQyUyMGVpbmVuJTIwZGVyJTIwcHJvZmlsaWVydGVzdGVuJTIwVW50ZXJuZWhtZXIlMjBpbSUyMGRldXRzY2hlbiUyMEF1dG9tb2JpbGhhbmRlbCUyMHVuZCUyMEtvcGYlMjBkZXIlMjBUaWVtZXllciUyMEdydXBwZSUyMG1pdCUyMCVDMyVCQ2JlciUyMDQwJTIwU3RhbmRvcnRlbiUyMGltJTIwUnVocmdlYmlldC4lMjIlN0QlNUQlN0QlMkMlN0IlMjJ0eXBlJTIyJTNBJTIycGFyYWdyYXBoJTIyJTJDJTIyY2hpbGRyZW4lMjIlM0ElNUIlN0IlMjJ0ZXh0JTIyJTNBJTIyV2lyJTIwc3ByZWNoZW4lMjAlQzMlQkNiZXIlMjBzZWluZW4lMjBhdSVDMyU5RmVyZ2V3JUMzJUI2aG5saWNoZW4lMjBXZXJkZWdhbmclMjAlRTIlODAlOTMlMjB2b20lMjBFaW5zdGllZyUyMGluJTIwZGVuJTIwZWx0ZXJsaWNoZW4lMjBCZXRyaWViJTIwJUMzJUJDYmVyJTIwZGllJTIwJUMzJTlDYmVybmFobWUlMjBlcnN0ZXIlMjBBdXRvaCVDMyVBNHVzZXIlMjBiaXMlMjBoaW4lMjB6dW0lMjBBdWZiYXUlMjBlaW5lciUyMGRlciUyMGdyJUMzJUI2JUMzJTlGdGVuJTIwSGFuZGVsc2dydXBwZW4lMjBEZXV0c2NobGFuZHMuJTIwVGllbWV5ZXIlMjBzY2hpbGRlcnQlMkMlMjB3aWUlMjBzdGFyayUyMGRhcyUyMFJ1aHJnZWJpZXQlMjB2b20lMjBXZXR0YmV3ZXJiJTIwZ2VwciVDMyVBNGd0JTIwaXN0JTIwdW5kJTIwd2FydW0lMjBmJUMzJUJDciUyMGlobiUyMGVpbiUyMGtvbnNlcXVlbnQlMjB6YWhsZW5nZXRyaWViZW5lcyUyME1hbmFnZW1lbnQlMjBkZXIlMjBTY2hsJUMzJUJDc3NlbCUyMHp1bSUyMEVyZm9sZyUyMHd1cmRlLiUyMiU3RCU1RCU3RCUyQyU3QiUyMnR5cGUlMjIlM0ElMjJwYXJhZ3JhcGglMjIlMkMlMjJjaGlsZHJlbiUyMiUzQSU1QiU3QiUyMnRleHQlMjIlM0ElMjJFaW4lMjB6ZW50cmFsZXIlMjBQdW5rdCUyMGlzdCUyMGRlciUyMFdhbmRlbCUyMGRlcyUyMEF1dG9tb2JpbGhhbmRlbHMlM0ElMjB3ZWclMjB2b20lMjBrbGFzc2lzY2hlbiUyMEZhaHJ6ZXVndmVya2F1ZiUyMGhpbiUyMHp1JTIwRmluYW56aWVydW5nc21vZGVsbGVuJTJDJTIwU2VydmljZXBha2V0ZW4lMjB1bmQlMjBGbGF0cmF0ZXMuJTIwT2ZmZW4lMjBiZXNjaHJlaWJ0JTIwZXIlMkMlMjB3ZXNoYWxiJTIwRWxla3Ryb21vYmlsaXQlQzMlQTR0JTIwendhciUyMHBvbGl0aXNjaCUyMGZvcmNpZXJ0JTIwd2lyZCUyQyUyMHZpZWxlJTIwS3VuZGVuJTIwamVkb2NoJTIwd2VpdGVyaGluJTIwc2tlcHRpc2NoJTIwYmxlaWJlbi4lMjBMYWRlaW5mcmFzdHJ1a3R1ciUyQyUyMEVuZXJnaWVwcmVpc2UlMjB1bmQlMjBUZWNobm9sb2dpZW9mZmVuaGVpdCUyMHNwaWVsZW4lMjBmJUMzJUJDciUyMGlobiUyMGVpbmUlMjBlbnRzY2hlaWRlbmRlJTIwUm9sbGUuJTIyJTdEJTVEJTdEJTJDJTdCJTIydHlwZSUyMiUzQSUyMnBhcmFncmFwaCUyMiUyQyUyMmNoaWxkcmVuJTIyJTNBJTVCJTdCJTIydGV4dCUyMiUzQSUyMldpciUyMHNwcmVjaGVuJTIwYXUlQzMlOUZlcmRlbSUyMCVDMyVCQ2JlciUyMGRpZSUyMHN0cmF0ZWdpc2NoZSUyMEF1c3JpY2h0dW5nJTIwZGVyJTIwVGllbWV5ZXIlMjBHcnVwcGUlMjAlRTIlODAlOTMlMjBpbnNiZXNvbmRlcmUlMjBkZW4lMjBBdXNiYXUlMjBkZXMlMjBHZWJyYXVjaHR3YWdlbmdlc2NoJUMzJUE0ZnRzJTJDJTIwZ3JvJUMzJTlGZSUyMHplbnRyYWxlJTIwTG9naXN0aWtmbCVDMyVBNGNoZW4lMjB1bmQlMjBkaWUlMjBOb3R3ZW5kaWdrZWl0JTIwa2xhciUyMGRlZmluaWVydGVyJTIwUHJvemVzc2UuJTIwQWt0dWVsbGUlMjBIZXJhdXNmb3JkZXJ1bmdlbiUyMHdpZSUyMHNjaHclQzMlQTRjaGVyZSUyMFdlcmtzdGF0dGF1c2xhc3R1bmclMjBvZGVyJTIwc2lua2VuZGUlMjBNYXJnZW4lMjBiZWdlZ25ldCUyMFRpZW1leWVyJTIwbWl0JTIwS29zdGVuZm9rdXMlMkMlMjBFZmZpemllbnolMjB1bmQlMjBob2hlciUyMEt1bmRlbnplbnRyaWVydW5nLiUyMiU3RCU1RCU3RCUyQyU3QiUyMnR5cGUlMjIlM0ElMjJwYXJhZ3JhcGglMjIlMkMlMjJjaGlsZHJlbiUyMiUzQSU1QiU3QiUyMnRleHQlMjIlM0ElMjJFaW4lMjBiZXNvbmRlcmVzJTIwSGlnaGxpZ2h0JTNBJTIwZGllJTIwVGllbWV5ZXIlMjBBY2FkZW15LiUyMFNpZSUyMGJpbGRldCUyMGRhcyUyMEhlcnpzdCVDMyVCQ2NrJTIwZGVyJTIwaW50ZXJuZW4lMjBQZXJzb25hbGVudHdpY2tsdW5nJTJDJTIwcXVhbGlmaXppZXJ0JTIwaiVDMyVBNGhybGljaCUyMGh1bmRlcnRlJTIwTWl0YXJiZWl0ZW5kZSUyMHVuZCUyMCVDMyVCNmZmbmV0JTIwc3lzdGVtYXRpc2NoZSUyMEthcnJpZXJld2VnZSUyMGlubmVyaGFsYiUyMGRlcyUyMFVudGVybmVobWVucy4lMjBBdWNoJTIwTmFjaGhhbHRpZ2tlaXQlMjBzcGllbHQlMjBlaW5lJTIwZ3JvJUMzJTlGZSUyMFJvbGxlJTNBJTIwdm9uJTIwQXVmZm9yc3R1bmdzcHJvamVrdGVuJTIwJUMzJUJDYmVyJTIwUGhvdG92b2x0YWlrJTIwYmlzJTIwaGluJTIwenUlMjBwcm9mZXNzaW9uZWxsZXIlMjBFU0ctQmVyaWNodGVyc3RhdHR1bmcuJTIyJTdEJTVEJTdEJTJDJTdCJTIydHlwZSUyMiUzQSUyMnBhcmFncmFwaCUyMiUyQyUyMmNoaWxkcmVuJTIyJTNBJTVCJTdCJTIydGV4dCUyMiUzQSUyMlp1bSUyMEFic2NobHVzcyUyMHJpY2h0ZXQlMjBzaWNoJTIwZGVyJTIwQmxpY2slMjBuYWNoJTIwdm9ybiUzQSUyMFdpZSUyMHNpZWh0JTIwZGVyJTIwQXV0b2hhbmRlbCUyMDIwMzAlMjBhdXMlM0YlMjBXYXJ1bSUyMHdpcmQlMjBkaWUlMjBLb25zb2xpZGllcnVuZyUyMHdlaXRlciUyMHZvcmFuc2NocmVpdGVuJTNGJTIwVW5kJTIwaW4lMjB3ZWxjaGVuJTIwQmVyZWljaGVuJTIwcGxhbnQlMjBkaWUlMjBUaWVtZXllciUyMEdydXBwZSUyMHdlaXRlcmVzJTIwV2FjaHN0dW0lM0YlMjIlN0QlNUQlN0QlMkMlN0IlMjJ0eXBlJTIyJTNBJTIycGFyYWdyYXBoJTIyJTJDJTIyY2hpbGRyZW4lMjIlM0ElNUIlN0IlMjJ0ZXh0JTIyJTNBJTIyRWluZSUyMEZvbGdlJTIwdm9sbGVyJTIwS2xhcmhlaXQlMkMlMjBVbnRlcm5laG1lcmdlaXN0JTIwdW5kJTIwYXV0aGVudGlzY2hlciUyMEVpbmJsaWNrZSUyMGluJTIwZWluZW4lMjBkZXIlMjBhbnNwcnVjaHN2b2xsc3RlbiUyMEhhbmRlbHNyJUMzJUE0dW1lJTIwRGV1dHNjaGxhbmRzLiUyMiU3RCU1RCU3RCU1RA==\"><span data-slate-node=\"text\"><span data-slate-leaf=\"true\" class=\"sc-cyPKZf cXfjgj\">Eine Folge voller Klarheit, Unternehmergeist und authentischer Einblicke in einen der anspruchsvollsten Handelsr\u00e4ume Deutschlands.<\/span><\/span><\/p>\n<\/div>\n<\/div>\n<\/div>[\/et_pb_text][\/et_pb_column][\/et_pb_row][et_pb_row _builder_version=\"4.27.6\" _module_preset=\"default\" link_option_url=\"https:\/\/open.spotify.com\/episode\/0enXEk3koo2Elov9SoLfF7?si=Wx3aQPt4S_qFtpRQHTet_A\" link_option_url_new_window=\"on\" hover_enabled=\"0\" global_colors_info=\"{}\" theme_builder_area=\"post_content\" sticky_enabled=\"0\"][et_pb_column type=\"4_4\" _builder_version=\"4.25.0\" _module_preset=\"default\" global_colors_info=\"{}\" theme_builder_area=\"post_content\"][et_pb_text _builder_version=\"4.27.6\" _module_preset=\"default\" link_option_url=\"https:\/\/open.spotify.com\/episode\/0enXEk3koo2Elov9SoLfF7?si=Wx3aQPt4S_qFtpRQHTet_A\" link_option_url_new_window=\"on\" hover_enabled=\"0\" global_colors_info=\"{}\" theme_builder_area=\"post_content\" sticky_enabled=\"0\"]<p><strong><a href=\"https:\/\/open.spotify.com\/episode\/0I4ylQemmQ72NNW7db14v2?si=d0qIzqQsT5qz6pKuuxvZnw\" target=\"_blank\" rel=\"noopener\">Jetzt auf Spotify h\u00f6ren &gt;&gt;<\/a><\/strong><\/p>[\/et_pb_text][\/et_pb_column][\/et_pb_row][\/et_pb_section]\n","protected":false},"excerpt":{"rendered":"<p>Willkommen zum Podcast \"Zukunft Automobilwirtschaft\"! Wir sprechen \u00fcber die Zukunft des Automobilhandels und die Themen, die die Branche besch\u00e4ftigen. In unseren Episoden sprechen wir \u00fcber M&amp;A-Prozesse, Nachwuchsf\u00f6rderung, neue Gesch\u00e4ftsmodelle und andere wichtige Themen. Unsere renommierten Interviewpartner teilen ihre Erfahrungen und Einblicke in die Branche und zeigen Strategien f\u00fcr die Herausforderungen der Zukunft auf. Wir laden [&hellip;]<\/p>\n","protected":false},"author":1,"featured_media":3614,"comment_status":"open","ping_status":"open","sticky":false,"template":"","format":"standard","meta":{"_et_pb_use_builder":"on","_et_pb_old_content":"","_et_gb_content_width":"","wp_typography_post_enhancements_disabled":false,"footnotes":""},"categories":[1],"tags":[],"class_list":["post-3620","post","type-post","status-publish","format-standard","has-post-thumbnail","hentry","category-uncategorized"],"yoast_head":"<!-- This site is optimized with the Yoast SEO plugin v27.5 - https:\/\/yoast.com\/product\/yoast-seo-wordpress\/ -->\n<title>Podcast: ZAW | Zukunft Automobilwirtschaft mit Heinz-Dieter Tiemeyer - Prudentes<\/title>\n<meta name=\"robots\" content=\"index, follow, max-snippet:-1, max-image-preview:large, max-video-preview:-1\" \/>\n<link rel=\"canonical\" href=\"https:\/\/www.prudentes.de\/en\/podcast-zaw-zukunft-automobilwirtschaft-mit-heinz-dieter-tiemeyer\/\" \/>\n<meta property=\"og:locale\" content=\"en_US\" \/>\n<meta property=\"og:type\" content=\"article\" \/>\n<meta property=\"og:title\" content=\"Podcast: ZAW | Zukunft Automobilwirtschaft mit Heinz-Dieter Tiemeyer - Prudentes\" \/>\n<meta property=\"og:description\" content=\"Willkommen zum Podcast &quot;Zukunft Automobilwirtschaft&quot;! Wir sprechen \u00fcber die Zukunft des Automobilhandels und die Themen, die die Branche besch\u00e4ftigen. In unseren Episoden sprechen wir \u00fcber M&amp;A-Prozesse, Nachwuchsf\u00f6rderung, neue Gesch\u00e4ftsmodelle und andere wichtige Themen. Unsere renommierten Interviewpartner teilen ihre Erfahrungen und Einblicke in die Branche und zeigen Strategien f\u00fcr die Herausforderungen der Zukunft auf. Wir laden [&hellip;]\" \/>\n<meta property=\"og:url\" content=\"https:\/\/www.prudentes.de\/en\/podcast-zaw-zukunft-automobilwirtschaft-mit-heinz-dieter-tiemeyer\/\" \/>\n<meta property=\"og:site_name\" content=\"Prudentes\" \/>\n<meta property=\"article:published_time\" content=\"2025-12-19T13:46:10+00:00\" \/>\n<meta property=\"article:modified_time\" content=\"2026-03-04T13:47:17+00:00\" \/>\n<meta property=\"og:image\" content=\"https:\/\/www.prudentes.de\/wp-content\/uploads\/2026\/03\/Bild16-1024x1024.png\" \/>\n\t<meta property=\"og:image:width\" content=\"1024\" \/>\n\t<meta property=\"og:image:height\" content=\"1024\" \/>\n\t<meta property=\"og:image:type\" content=\"image\/png\" \/>\n<meta name=\"author\" content=\"Prudentes\" \/>\n<meta name=\"twitter:card\" content=\"summary_large_image\" \/>\n<meta name=\"twitter:label1\" content=\"Written by\" \/>\n\t<meta name=\"twitter:data1\" content=\"Prudentes\" \/>\n\t<meta name=\"twitter:label2\" content=\"Est. reading time\" \/>\n\t<meta name=\"twitter:data2\" content=\"3 minutes\" \/>\n<script type=\"application\/ld+json\" class=\"yoast-schema-graph\">{\"@context\":\"https:\\\/\\\/schema.org\",\"@graph\":[{\"@type\":\"Article\",\"@id\":\"https:\\\/\\\/www.prudentes.de\\\/podcast-zaw-zukunft-automobilwirtschaft-mit-heinz-dieter-tiemeyer#article\",\"isPartOf\":{\"@id\":\"https:\\\/\\\/www.prudentes.de\\\/podcast-zaw-zukunft-automobilwirtschaft-mit-heinz-dieter-tiemeyer\"},\"author\":{\"name\":\"Prudentes\",\"@id\":\"https:\\\/\\\/www.prudentes.de\\\/#\\\/schema\\\/person\\\/93b72057083c0c4aa888a2cc8b778587\"},\"headline\":\"Podcast: ZAW | Zukunft Automobilwirtschaft mit Heinz-Dieter Tiemeyer\",\"datePublished\":\"2025-12-19T13:46:10+00:00\",\"dateModified\":\"2026-03-04T13:47:17+00:00\",\"mainEntityOfPage\":{\"@id\":\"https:\\\/\\\/www.prudentes.de\\\/podcast-zaw-zukunft-automobilwirtschaft-mit-heinz-dieter-tiemeyer\"},\"wordCount\":717,\"commentCount\":0,\"image\":{\"@id\":\"https:\\\/\\\/www.prudentes.de\\\/podcast-zaw-zukunft-automobilwirtschaft-mit-heinz-dieter-tiemeyer#primaryimage\"},\"thumbnailUrl\":\"https:\\\/\\\/www.prudentes.de\\\/wp-content\\\/uploads\\\/2026\\\/03\\\/Bild16.png\",\"inLanguage\":\"en-US\",\"potentialAction\":[{\"@type\":\"CommentAction\",\"name\":\"Comment\",\"target\":[\"https:\\\/\\\/www.prudentes.de\\\/podcast-zaw-zukunft-automobilwirtschaft-mit-heinz-dieter-tiemeyer#respond\"]}]},{\"@type\":\"WebPage\",\"@id\":\"https:\\\/\\\/www.prudentes.de\\\/podcast-zaw-zukunft-automobilwirtschaft-mit-heinz-dieter-tiemeyer\",\"url\":\"https:\\\/\\\/www.prudentes.de\\\/podcast-zaw-zukunft-automobilwirtschaft-mit-heinz-dieter-tiemeyer\",\"name\":\"Podcast: ZAW | Zukunft Automobilwirtschaft mit Heinz-Dieter Tiemeyer - Prudentes\",\"isPartOf\":{\"@id\":\"https:\\\/\\\/www.prudentes.de\\\/#website\"},\"primaryImageOfPage\":{\"@id\":\"https:\\\/\\\/www.prudentes.de\\\/podcast-zaw-zukunft-automobilwirtschaft-mit-heinz-dieter-tiemeyer#primaryimage\"},\"image\":{\"@id\":\"https:\\\/\\\/www.prudentes.de\\\/podcast-zaw-zukunft-automobilwirtschaft-mit-heinz-dieter-tiemeyer#primaryimage\"},\"thumbnailUrl\":\"https:\\\/\\\/www.prudentes.de\\\/wp-content\\\/uploads\\\/2026\\\/03\\\/Bild16.png\",\"datePublished\":\"2025-12-19T13:46:10+00:00\",\"dateModified\":\"2026-03-04T13:47:17+00:00\",\"author\":{\"@id\":\"https:\\\/\\\/www.prudentes.de\\\/#\\\/schema\\\/person\\\/93b72057083c0c4aa888a2cc8b778587\"},\"breadcrumb\":{\"@id\":\"https:\\\/\\\/www.prudentes.de\\\/podcast-zaw-zukunft-automobilwirtschaft-mit-heinz-dieter-tiemeyer#breadcrumb\"},\"inLanguage\":\"en-US\",\"potentialAction\":[{\"@type\":\"ReadAction\",\"target\":[\"https:\\\/\\\/www.prudentes.de\\\/podcast-zaw-zukunft-automobilwirtschaft-mit-heinz-dieter-tiemeyer\"]}]},{\"@type\":\"ImageObject\",\"inLanguage\":\"en-US\",\"@id\":\"https:\\\/\\\/www.prudentes.de\\\/podcast-zaw-zukunft-automobilwirtschaft-mit-heinz-dieter-tiemeyer#primaryimage\",\"url\":\"https:\\\/\\\/www.prudentes.de\\\/wp-content\\\/uploads\\\/2026\\\/03\\\/Bild16.png\",\"contentUrl\":\"https:\\\/\\\/www.prudentes.de\\\/wp-content\\\/uploads\\\/2026\\\/03\\\/Bild16.png\",\"width\":2059,\"height\":2059},{\"@type\":\"BreadcrumbList\",\"@id\":\"https:\\\/\\\/www.prudentes.de\\\/podcast-zaw-zukunft-automobilwirtschaft-mit-heinz-dieter-tiemeyer#breadcrumb\",\"itemListElement\":[{\"@type\":\"ListItem\",\"position\":1,\"name\":\"Startseite\",\"item\":\"https:\\\/\\\/www.prudentes.de\\\/\"},{\"@type\":\"ListItem\",\"position\":2,\"name\":\"Podcast: ZAW | Zukunft Automobilwirtschaft mit Heinz-Dieter Tiemeyer\"}]},{\"@type\":\"WebSite\",\"@id\":\"https:\\\/\\\/www.prudentes.de\\\/#website\",\"url\":\"https:\\\/\\\/www.prudentes.de\\\/\",\"name\":\"Prudentes\",\"description\":\"Prudentes Management GmbH\",\"potentialAction\":[{\"@type\":\"SearchAction\",\"target\":{\"@type\":\"EntryPoint\",\"urlTemplate\":\"https:\\\/\\\/www.prudentes.de\\\/?s={search_term_string}\"},\"query-input\":{\"@type\":\"PropertyValueSpecification\",\"valueRequired\":true,\"valueName\":\"search_term_string\"}}],\"inLanguage\":\"en-US\"},{\"@type\":\"Person\",\"@id\":\"https:\\\/\\\/www.prudentes.de\\\/#\\\/schema\\\/person\\\/93b72057083c0c4aa888a2cc8b778587\",\"name\":\"Prudentes\",\"image\":{\"@type\":\"ImageObject\",\"inLanguage\":\"en-US\",\"@id\":\"https:\\\/\\\/secure.gravatar.com\\\/avatar\\\/394a838266da979976a9502a8061fc9690356637af29e0726134ddd925513862?s=96&d=mm&r=g\",\"url\":\"https:\\\/\\\/secure.gravatar.com\\\/avatar\\\/394a838266da979976a9502a8061fc9690356637af29e0726134ddd925513862?s=96&d=mm&r=g\",\"contentUrl\":\"https:\\\/\\\/secure.gravatar.com\\\/avatar\\\/394a838266da979976a9502a8061fc9690356637af29e0726134ddd925513862?s=96&d=mm&r=g\",\"caption\":\"Prudentes\"},\"sameAs\":[\"https:\\\/\\\/wordpress.prudentes.de\"],\"url\":\"https:\\\/\\\/www.prudentes.de\\\/en\\\/author\\\/websiteprudentes\"}]}<\/script>\n<!-- \/ Yoast SEO plugin. -->","yoast_head_json":{"title":"Pod\u00adcast: ZAW | Zukunft Auto\u00admo\u00adbil\u00adwirt\u00adschaft mit Heinz-Die\u00adter Tie\u00admey\u00ader \u2014 Prudentes","robots":{"index":"index","follow":"follow","max-snippet":"max-snippet:-1","max-image-preview":"max-image-preview:large","max-video-preview":"max-video-preview:-1"},"canonical":"https:\/\/www.prudentes.de\/en\/podcast-zaw-zukunft-automobilwirtschaft-mit-heinz-dieter-tiemeyer\/","og_locale":"en_US","og_type":"article","og_title":"Podcast: ZAW | Zukunft Automobilwirtschaft mit Heinz-Dieter Tiemeyer - Prudentes","og_description":"Willkommen zum Podcast \"Zukunft Automobilwirtschaft\"! Wir sprechen \u00fcber die Zukunft des Automobilhandels und die Themen, die die Branche besch\u00e4ftigen. In unseren Episoden sprechen wir \u00fcber M&amp;A-Prozesse, Nachwuchsf\u00f6rderung, neue Gesch\u00e4ftsmodelle und andere wichtige Themen. Unsere renommierten Interviewpartner teilen ihre Erfahrungen und Einblicke in die Branche und zeigen Strategien f\u00fcr die Herausforderungen der Zukunft auf. Wir laden [&hellip;]","og_url":"https:\/\/www.prudentes.de\/en\/podcast-zaw-zukunft-automobilwirtschaft-mit-heinz-dieter-tiemeyer\/","og_site_name":"Prudentes","article_published_time":"2025-12-19T13:46:10+00:00","article_modified_time":"2026-03-04T13:47:17+00:00","og_image":[{"width":1024,"height":1024,"url":"https:\/\/www.prudentes.de\/wp-content\/uploads\/2026\/03\/Bild16-1024x1024.png","type":"image\/png"}],"author":"Prudentes","twitter_card":"summary_large_image","twitter_misc":{"Written by":"Prudentes","Est. reading time":"3 minutes"},"schema":{"@context":"https:\/\/schema.org","@graph":[{"@type":"Article","@id":"https:\/\/www.prudentes.de\/podcast-zaw-zukunft-automobilwirtschaft-mit-heinz-dieter-tiemeyer#article","isPartOf":{"@id":"https:\/\/www.prudentes.de\/podcast-zaw-zukunft-automobilwirtschaft-mit-heinz-dieter-tiemeyer"},"author":{"name":"Prudentes","@id":"https:\/\/www.prudentes.de\/#\/schema\/person\/93b72057083c0c4aa888a2cc8b778587"},"headline":"Podcast: ZAW | Zukunft Automobilwirtschaft mit Heinz-Dieter Tiemeyer","datePublished":"2025-12-19T13:46:10+00:00","dateModified":"2026-03-04T13:47:17+00:00","mainEntityOfPage":{"@id":"https:\/\/www.prudentes.de\/podcast-zaw-zukunft-automobilwirtschaft-mit-heinz-dieter-tiemeyer"},"wordCount":717,"commentCount":0,"image":{"@id":"https:\/\/www.prudentes.de\/podcast-zaw-zukunft-automobilwirtschaft-mit-heinz-dieter-tiemeyer#primaryimage"},"thumbnailUrl":"https:\/\/www.prudentes.de\/wp-content\/uploads\/2026\/03\/Bild16.png","inLanguage":"en-US","potentialAction":[{"@type":"CommentAction","name":"Comment","target":["https:\/\/www.prudentes.de\/podcast-zaw-zukunft-automobilwirtschaft-mit-heinz-dieter-tiemeyer#respond"]}]},{"@type":"WebPage","@id":"https:\/\/www.prudentes.de\/podcast-zaw-zukunft-automobilwirtschaft-mit-heinz-dieter-tiemeyer","url":"https:\/\/www.prudentes.de\/podcast-zaw-zukunft-automobilwirtschaft-mit-heinz-dieter-tiemeyer","name":"Pod\u00adcast: ZAW | Zukunft Auto\u00admo\u00adbil\u00adwirt\u00adschaft mit Heinz-Die\u00adter Tie\u00admey\u00ader \u2014 Prudentes","isPartOf":{"@id":"https:\/\/www.prudentes.de\/#website"},"primaryImageOfPage":{"@id":"https:\/\/www.prudentes.de\/podcast-zaw-zukunft-automobilwirtschaft-mit-heinz-dieter-tiemeyer#primaryimage"},"image":{"@id":"https:\/\/www.prudentes.de\/podcast-zaw-zukunft-automobilwirtschaft-mit-heinz-dieter-tiemeyer#primaryimage"},"thumbnailUrl":"https:\/\/www.prudentes.de\/wp-content\/uploads\/2026\/03\/Bild16.png","datePublished":"2025-12-19T13:46:10+00:00","dateModified":"2026-03-04T13:47:17+00:00","author":{"@id":"https:\/\/www.prudentes.de\/#\/schema\/person\/93b72057083c0c4aa888a2cc8b778587"},"breadcrumb":{"@id":"https:\/\/www.prudentes.de\/podcast-zaw-zukunft-automobilwirtschaft-mit-heinz-dieter-tiemeyer#breadcrumb"},"inLanguage":"en-US","potentialAction":[{"@type":"ReadAction","target":["https:\/\/www.prudentes.de\/podcast-zaw-zukunft-automobilwirtschaft-mit-heinz-dieter-tiemeyer"]}]},{"@type":"ImageObject","inLanguage":"en-US","@id":"https:\/\/www.prudentes.de\/podcast-zaw-zukunft-automobilwirtschaft-mit-heinz-dieter-tiemeyer#primaryimage","url":"https:\/\/www.prudentes.de\/wp-content\/uploads\/2026\/03\/Bild16.png","contentUrl":"https:\/\/www.prudentes.de\/wp-content\/uploads\/2026\/03\/Bild16.png","width":2059,"height":2059},{"@type":"BreadcrumbList","@id":"https:\/\/www.prudentes.de\/podcast-zaw-zukunft-automobilwirtschaft-mit-heinz-dieter-tiemeyer#breadcrumb","itemListElement":[{"@type":"ListItem","position":1,"name":"Startseite","item":"https:\/\/www.prudentes.de\/"},{"@type":"ListItem","position":2,"name":"Podcast: ZAW | Zukunft Automobilwirtschaft mit Heinz-Dieter Tiemeyer"}]},{"@type":"WebSite","@id":"https:\/\/www.prudentes.de\/#website","url":"https:\/\/www.prudentes.de\/","name":"Pru\u00adden\u00adtes","description":"Pru\u00adden\u00adtes Manage\u00adment&nbsp;GmbH","potentialAction":[{"@type":"SearchAction","target":{"@type":"EntryPoint","urlTemplate":"https:\/\/www.prudentes.de\/?s={search_term_string}"},"query-input":{"@type":"PropertyValueSpecification","valueRequired":true,"valueName":"search_term_string"}}],"inLanguage":"en-US"},{"@type":"Person","@id":"https:\/\/www.prudentes.de\/#\/schema\/person\/93b72057083c0c4aa888a2cc8b778587","name":"Pru\u00adden\u00adtes","image":{"@type":"ImageObject","inLanguage":"en-US","@id":"https:\/\/secure.gravatar.com\/avatar\/394a838266da979976a9502a8061fc9690356637af29e0726134ddd925513862?s=96&d=mm&r=g","url":"https:\/\/secure.gravatar.com\/avatar\/394a838266da979976a9502a8061fc9690356637af29e0726134ddd925513862?s=96&d=mm&r=g","contentUrl":"https:\/\/secure.gravatar.com\/avatar\/394a838266da979976a9502a8061fc9690356637af29e0726134ddd925513862?s=96&d=mm&r=g","caption":"Prudentes"},"sameAs":["https:\/\/wordpress.prudentes.de"],"url":"https:\/\/www.prudentes.de\/en\/author\/websiteprudentes"}]}},"_links":{"self":[{"href":"https:\/\/www.prudentes.de\/en\/wp-json\/wp\/v2\/posts\/3620","targetHints":{"allow":["GET"]}}],"collection":[{"href":"https:\/\/www.prudentes.de\/en\/wp-json\/wp\/v2\/posts"}],"about":[{"href":"https:\/\/www.prudentes.de\/en\/wp-json\/wp\/v2\/types\/post"}],"author":[{"embeddable":true,"href":"https:\/\/www.prudentes.de\/en\/wp-json\/wp\/v2\/users\/1"}],"replies":[{"embeddable":true,"href":"https:\/\/www.prudentes.de\/en\/wp-json\/wp\/v2\/comments?post=3620"}],"version-history":[{"count":3,"href":"https:\/\/www.prudentes.de\/en\/wp-json\/wp\/v2\/posts\/3620\/revisions"}],"predecessor-version":[{"id":3624,"href":"https:\/\/www.prudentes.de\/en\/wp-json\/wp\/v2\/posts\/3620\/revisions\/3624"}],"wp:featuredmedia":[{"embeddable":true,"href":"https:\/\/www.prudentes.de\/en\/wp-json\/wp\/v2\/media\/3614"}],"wp:attachment":[{"href":"https:\/\/www.prudentes.de\/en\/wp-json\/wp\/v2\/media?parent=3620"}],"wp:term":[{"taxonomy":"category","embeddable":true,"href":"https:\/\/www.prudentes.de\/en\/wp-json\/wp\/v2\/categories?post=3620"},{"taxonomy":"post_tag","embeddable":true,"href":"https:\/\/www.prudentes.de\/en\/wp-json\/wp\/v2\/tags?post=3620"}],"curies":[{"name":"wp","href":"https:\/\/api.w.org\/{rel}","templated":true}]}}