{"id":3612,"date":"2026-02-24T13:34:11","date_gmt":"2026-02-24T13:34:11","guid":{"rendered":"https:\/\/www.prudentes.de\/?p=3612"},"modified":"2026-03-04T13:36:30","modified_gmt":"2026-03-04T13:36:30","slug":"podcast-zaw-zukunft-automobilwirtschaft-mit-mario-rico-2","status":"publish","type":"post","link":"https:\/\/www.prudentes.de\/en\/podcast-zaw-zukunft-automobilwirtschaft-mit-mario-rico-2","title":{"rendered":"Pod\u00adcast: ZAW | Zukunft Auto\u00admo\u00adbil\u00adwirt\u00adschaft mit Mario&nbsp;Rico"},"content":{"rendered":"\n[et_pb_section fb_built=\"1\" _builder_version=\"4.25.0\" _module_preset=\"default\" global_colors_info=\"{}\" theme_builder_area=\"post_content\"][et_pb_row _builder_version=\"4.25.0\" _module_preset=\"default\" global_colors_info=\"{}\" theme_builder_area=\"post_content\"][et_pb_column type=\"4_4\" _builder_version=\"4.25.0\" _module_preset=\"default\" global_colors_info=\"{}\" theme_builder_area=\"post_content\"][et_pb_heading title=\"ZAW mit Mario Rico: Zwischen Kontrolle und Kontrollverlust \u2013 Wenn Autoh\u00e4user in die Krise rutschen\" _builder_version=\"4.27.6\" _module_preset=\"default\" title_level=\"h2\" title_font=\"||||||||\" hover_enabled=\"0\" global_colors_info=\"{}\" theme_builder_area=\"post_content\" sticky_enabled=\"0\"][\/et_pb_heading][\/et_pb_column][\/et_pb_row][et_pb_row _builder_version=\"4.25.0\" _module_preset=\"default\" global_colors_info=\"{}\" theme_builder_area=\"post_content\"][et_pb_column type=\"4_4\" _builder_version=\"4.25.0\" _module_preset=\"default\" global_colors_info=\"{}\" theme_builder_area=\"post_content\"][et_pb_image src=\"https:\/\/www.prudentes.de\/wp-content\/uploads\/2026\/03\/Bild2.png\" title_text=\"Bild2\" align=\"center\" _builder_version=\"4.27.6\" _module_preset=\"default\" hover_enabled=\"0\" global_colors_info=\"{}\" theme_builder_area=\"post_content\" sticky_enabled=\"0\"][\/et_pb_image][\/et_pb_column][\/et_pb_row][et_pb_row _builder_version=\"4.25.0\" _module_preset=\"default\" hover_enabled=\"0\" global_colors_info=\"{}\" theme_builder_area=\"post_content\" sticky_enabled=\"0\"][et_pb_column type=\"4_4\" _builder_version=\"4.25.0\" _module_preset=\"default\" global_colors_info=\"{}\" theme_builder_area=\"post_content\"][et_pb_text _builder_version=\"4.25.0\" _module_preset=\"default\" global_colors_info=\"{}\" theme_builder_area=\"post_content\"]<p style=\"text-align: justify;\">Willkommen zum Podcast \"Zukunft Automobilwirtschaft\"! Wir sprechen \u00fcber die Zukunft des Automobilhandels und die Themen, die die Branche besch\u00e4ftigen. In unseren Episoden sprechen wir \u00fcber M&amp;A-Prozesse, Nachwuchsf\u00f6rderung, neue Gesch\u00e4ftsmodelle und andere wichtige Themen. Unsere renommierten Interviewpartner teilen ihre Erfahrungen und Einblicke in die Branche und zeigen Strategien f\u00fcr die Herausforderungen der Zukunft auf. Wir laden Sie ein, uns auf dieser spannenden Reise durch die Welt des Automobilhandels zu begleiten.<\/p>[\/et_pb_text][et_pb_text _builder_version=\"4.27.6\" _module_preset=\"default\" hover_enabled=\"0\" global_colors_info=\"{}\" theme_builder_area=\"post_content\" sticky_enabled=\"0\"]<div class=\"lykOktr3YIn79xOvVQtS\">\n<div class=\"lykOktr3YIn79xOvVQtS\">\n<div class=\"lykOktr3YIn79xOvVQtS\">\n<p class=\"e-91090-text encore-text-body-medium\" data-encore-id=\"text\" data-slate-node=\"element\"><span data-slate-node=\"text\"><span data-slate-leaf=\"true\" class=\"sc-cyPKZf cXfjgj\">In dieser Folge wird es unbequem \u2013 und genau deshalb besonders spannend.<\/span><\/span><\/p>\n<p class=\"e-91090-text encore-text-body-medium\" data-encore-id=\"text\" data-slate-node=\"element\"><span data-slate-node=\"text\"><span data-slate-leaf=\"true\" class=\"sc-cyPKZf cXfjgj\">Der Automobilhandel steht unter Druck. Zahlen, die lange stabil wirkten, geraten ins Wanken. Margen schrumpfen, Werkstattauslastungen sinken, Kreditlinien werden enger. Betriebe, die noch vor kurzem vom Markt getragen wurden, sehen sich pl\u00f6tzlich mit einer Realit\u00e4t konfrontiert, auf die sie strategisch nie vorbereitet waren.<\/span><\/span><\/p>\n<p class=\"e-91090-text encore-text-body-medium\" data-encore-id=\"text\" data-slate-node=\"element\"><span data-slate-node=\"text\"><span data-slate-leaf=\"true\" class=\"sc-cyPKZf cXfjgj\">Zu Gast ist Mario Rico, Restrukturierungsexperte bei Prudentes. Er kennt die Branche nicht aus der Theorie, sondern aus akuten Krisensituationen \u2013 dort, wo Entscheidungen nicht mehr vertagt werden k\u00f6nnen und Liquidit\u00e4t zur Existenzfrage wird. Gemeinsam sprechen wir dar\u00fcber, warum sich wirtschaftliche Schieflagen derzeit so rasant zuspitzen \u2013 und weshalb viele Unternehmer die entscheidenden Warnsignale erst erkennen, wenn der Handlungsspielraum bereits dramatisch geschrumpft ist.<\/span><\/span><\/p>\n<p class=\"e-91090-text encore-text-body-medium\" data-encore-id=\"text\" data-slate-node=\"element\"><span data-slate-node=\"text\"><span data-slate-leaf=\"true\" class=\"sc-cyPKZf cXfjgj\">Es geht um strategische Fehlannahmen, die Jahre sp\u00e4ter sichtbar werden. Um Wachstum, das auf Sand gebaut war. Um Liquidit\u00e4tsplanung, die mehr ist als eine Excel-Tabelle. Und um die psychologische Dimension unternehmerischer Verantwortung \u2013 wenn Hoffnung auf Realit\u00e4t trifft und F\u00fchrung unter Druck zur pers\u00f6nlichen Bew\u00e4hrungsprobe wird.<\/span><\/span><\/p>\n<p class=\"e-91090-text encore-text-body-medium\" data-encore-id=\"text\" data-slate-node=\"element\"><span data-slate-node=\"text\"><span data-slate-leaf=\"true\" class=\"sc-cyPKZf cXfjgj\">Wir beleuchten die Dynamiken im Hintergrund: das Zusammenspiel von Marktver\u00e4nderungen, Herstelleranforderungen und internen Managemententscheidungen. Wir sprechen \u00fcber den schmalen Grat zwischen Kontrolle und Kontrollverlust \u2013 und dar\u00fcber, warum offene Kommunikation gegen\u00fcber Banken und Herstellern oft der entscheidende Wendepunkt sein kann.<\/span><\/span><\/p>\n<p class=\"e-91090-text encore-text-body-medium\" data-encore-id=\"text\" data-slate-node=\"element\"><span data-slate-node=\"text\"><span data-slate-leaf=\"true\" class=\"sc-cyPKZf cXfjgj\">Doch diese Episode ist mehr als eine Analyse von Kennzahlen. Sie ist ein ehrlicher Blick auf F\u00fchrung in Extremsituationen. Auf Mut zur Klarheit. Auf die Bereitschaft, auch unbequeme Wahrheiten auszusprechen \u2013 im eigenen Unternehmen und gegen\u00fcber sich selbst.<\/span><\/span><\/p>\n<p class=\"e-91090-text encore-text-body-medium\" data-encore-id=\"text\" data-slate-node=\"element\"><span data-slate-node=\"text\"><span data-slate-leaf=\"true\" class=\"sc-cyPKZf cXfjgj\">Zum Abschluss wird es pers\u00f6nlich: Welche Haltung braucht jemand, der t\u00e4glich mit unternehmerischen Krisen konfrontiert ist? Und was hat ein Rennfahrer wie Niki Lauda mit strategischer Disziplin, mentaler St\u00e4rke und unternehmerischer Resilienz zu tun?<\/span><\/span><\/p>\n<p class=\"e-91090-text encore-text-body-medium\" data-encore-id=\"text\" data-slate-node=\"element\" data-slate-fragment=\"JTVCJTdCJTIydHlwZSUyMiUzQSUyMnBhcmFncmFwaCUyMiUyQyUyMmNoaWxkcmVuJTIyJTNBJTVCJTdCJTIydGV4dCUyMiUzQSUyMkluJTIwZGllc2VyJTIwRm9sZ2UlMjB3aXJkJTIwZXMlMjB1bmJlcXVlbSUyMCVFMiU4MCU5MyUyMHVuZCUyMGdlbmF1JTIwZGVzaGFsYiUyMGJlc29uZGVycyUyMHNwYW5uZW5kLiUyMiU3RCU1RCU3RCUyQyU3QiUyMnR5cGUlMjIlM0ElMjJwYXJhZ3JhcGglMjIlMkMlMjJjaGlsZHJlbiUyMiUzQSU1QiU3QiUyMnRleHQlMjIlM0ElMjJEZXIlMjBBdXRvbW9iaWxoYW5kZWwlMjBzdGVodCUyMHVudGVyJTIwRHJ1Y2suJTIwWmFobGVuJTJDJTIwZGllJTIwbGFuZ2UlMjBzdGFiaWwlMjB3aXJrdGVuJTJDJTIwZ2VyYXRlbiUyMGlucyUyMFdhbmtlbi4lMjBNYXJnZW4lMjBzY2hydW1wZmVuJTJDJTIwV2Vya3N0YXR0YXVzbGFzdHVuZ2VuJTIwc2lua2VuJTJDJTIwS3JlZGl0bGluaWVuJTIwd2VyZGVuJTIwZW5nZXIuJTIwQmV0cmllYmUlMkMlMjBkaWUlMjBub2NoJTIwdm9yJTIwa3VyemVtJTIwdm9tJTIwTWFya3QlMjBnZXRyYWdlbiUyMHd1cmRlbiUyQyUyMHNlaGVuJTIwc2ljaCUyMHBsJUMzJUI2dHpsaWNoJTIwbWl0JTIwZWluZXIlMjBSZWFsaXQlQzMlQTR0JTIwa29uZnJvbnRpZXJ0JTJDJTIwYXVmJTIwZGllJTIwc2llJTIwc3RyYXRlZ2lzY2glMjBuaWUlMjB2b3JiZXJlaXRldCUyMHdhcmVuLiUyMiU3RCU1RCU3RCUyQyU3QiUyMnR5cGUlMjIlM0ElMjJwYXJhZ3JhcGglMjIlMkMlMjJjaGlsZHJlbiUyMiUzQSU1QiU3QiUyMnRleHQlMjIlM0ElMjJadSUyMEdhc3QlMjBpc3QlMjBNYXJpbyUyMFJpY28lMkMlMjBSZXN0cnVrdHVyaWVydW5nc2V4cGVydGUlMjBiZWklMjBQcnVkZW50ZXMuJTIwRXIlMjBrZW5udCUyMGRpZSUyMEJyYW5jaGUlMjBuaWNodCUyMGF1cyUyMGRlciUyMFRoZW9yaWUlMkMlMjBzb25kZXJuJTIwYXVzJTIwYWt1dGVuJTIwS3Jpc2Vuc2l0dWF0aW9uZW4lMjAlRTIlODAlOTMlMjBkb3J0JTJDJTIwd28lMjBFbnRzY2hlaWR1bmdlbiUyMG5pY2h0JTIwbWVociUyMHZlcnRhZ3QlMjB3ZXJkZW4lMjBrJUMzJUI2bm5lbiUyMHVuZCUyMExpcXVpZGl0JUMzJUE0dCUyMHp1ciUyMEV4aXN0ZW56ZnJhZ2UlMjB3aXJkLiUyMEdlbWVpbnNhbSUyMHNwcmVjaGVuJTIwd2lyJTIwZGFyJUMzJUJDYmVyJTJDJTIwd2FydW0lMjBzaWNoJTIwd2lydHNjaGFmdGxpY2hlJTIwU2NoaWVmbGFnZW4lMjBkZXJ6ZWl0JTIwc28lMjByYXNhbnQlMjB6dXNwaXR6ZW4lMjAlRTIlODAlOTMlMjB1bmQlMjB3ZXNoYWxiJTIwdmllbGUlMjBVbnRlcm5laG1lciUyMGRpZSUyMGVudHNjaGVpZGVuZGVuJTIwV2FybnNpZ25hbGUlMjBlcnN0JTIwZXJrZW5uZW4lMkMlMjB3ZW5uJTIwZGVyJTIwSGFuZGx1bmdzc3BpZWxyYXVtJTIwYmVyZWl0cyUyMGRyYW1hdGlzY2glMjBnZXNjaHJ1bXBmdCUyMGlzdC4lMjIlN0QlNUQlN0QlMkMlN0IlMjJ0eXBlJTIyJTNBJTIycGFyYWdyYXBoJTIyJTJDJTIyY2hpbGRyZW4lMjIlM0ElNUIlN0IlMjJ0ZXh0JTIyJTNBJTIyRXMlMjBnZWh0JTIwdW0lMjBzdHJhdGVnaXNjaGUlMjBGZWhsYW5uYWhtZW4lMkMlMjBkaWUlMjBKYWhyZSUyMHNwJUMzJUE0dGVyJTIwc2ljaHRiYXIlMjB3ZXJkZW4uJTIwVW0lMjBXYWNoc3R1bSUyQyUyMGRhcyUyMGF1ZiUyMFNhbmQlMjBnZWJhdXQlMjB3YXIuJTIwVW0lMjBMaXF1aWRpdCVDMyVBNHRzcGxhbnVuZyUyQyUyMGRpZSUyMG1laHIlMjBpc3QlMjBhbHMlMjBlaW5lJTIwRXhjZWwtVGFiZWxsZS4lMjBVbmQlMjB1bSUyMGRpZSUyMHBzeWNob2xvZ2lzY2hlJTIwRGltZW5zaW9uJTIwdW50ZXJuZWhtZXJpc2NoZXIlMjBWZXJhbnR3b3J0dW5nJTIwJUUyJTgwJTkzJTIwd2VubiUyMEhvZmZudW5nJTIwYXVmJTIwUmVhbGl0JUMzJUE0dCUyMHRyaWZmdCUyMHVuZCUyMEYlQzMlQkNocnVuZyUyMHVudGVyJTIwRHJ1Y2slMjB6dXIlMjBwZXJzJUMzJUI2bmxpY2hlbiUyMEJldyVDMyVBNGhydW5nc3Byb2JlJTIwd2lyZC4lMjIlN0QlNUQlN0QlMkMlN0IlMjJ0eXBlJTIyJTNBJTIycGFyYWdyYXBoJTIyJTJDJTIyY2hpbGRyZW4lMjIlM0ElNUIlN0IlMjJ0ZXh0JTIyJTNBJTIyV2lyJTIwYmVsZXVjaHRlbiUyMGRpZSUyMER5bmFtaWtlbiUyMGltJTIwSGludGVyZ3J1bmQlM0ElMjBkYXMlMjBadXNhbW1lbnNwaWVsJTIwdm9uJTIwTWFya3R2ZXIlQzMlQTRuZGVydW5nZW4lMkMlMjBIZXJzdGVsbGVyYW5mb3JkZXJ1bmdlbiUyMHVuZCUyMGludGVybmVuJTIwTWFuYWdlbWVudGVudHNjaGVpZHVuZ2VuLiUyMFdpciUyMHNwcmVjaGVuJTIwJUMzJUJDYmVyJTIwZGVuJTIwc2NobWFsZW4lMjBHcmF0JTIwendpc2NoZW4lMjBLb250cm9sbGUlMjB1bmQlMjBLb250cm9sbHZlcmx1c3QlMjAlRTIlODAlOTMlMjB1bmQlMjBkYXIlQzMlQkNiZXIlMkMlMjB3YXJ1bSUyMG9mZmVuZSUyMEtvbW11bmlrYXRpb24lMjBnZWdlbiVDMyVCQ2JlciUyMEJhbmtlbiUyMHVuZCUyMEhlcnN0ZWxsZXJuJTIwb2Z0JTIwZGVyJTIwZW50c2NoZWlkZW5kZSUyMFdlbmRlcHVua3QlMjBzZWluJTIwa2Fubi4lMjIlN0QlNUQlN0QlMkMlN0IlMjJ0eXBlJTIyJTNBJTIycGFyYWdyYXBoJTIyJTJDJTIyY2hpbGRyZW4lMjIlM0ElNUIlN0IlMjJ0ZXh0JTIyJTNBJTIyRG9jaCUyMGRpZXNlJTIwRXBpc29kZSUyMGlzdCUyMG1laHIlMjBhbHMlMjBlaW5lJTIwQW5hbHlzZSUyMHZvbiUyMEtlbm56YWhsZW4uJTIwU2llJTIwaXN0JTIwZWluJTIwZWhybGljaGVyJTIwQmxpY2slMjBhdWYlMjBGJUMzJUJDaHJ1bmclMjBpbiUyMEV4dHJlbXNpdHVhdGlvbmVuLiUyMEF1ZiUyME11dCUyMHp1ciUyMEtsYXJoZWl0LiUyMEF1ZiUyMGRpZSUyMEJlcmVpdHNjaGFmdCUyQyUyMGF1Y2glMjB1bmJlcXVlbWUlMjBXYWhyaGVpdGVuJTIwYXVzenVzcHJlY2hlbiUyMCVFMiU4MCU5MyUyMGltJTIwZWlnZW5lbiUyMFVudGVybmVobWVuJTIwdW5kJTIwZ2VnZW4lQzMlQkNiZXIlMjBzaWNoJTIwc2VsYnN0LiUyMiU3RCU1RCU3RCUyQyU3QiUyMnR5cGUlMjIlM0ElMjJwYXJhZ3JhcGglMjIlMkMlMjJjaGlsZHJlbiUyMiUzQSU1QiU3QiUyMnRleHQlMjIlM0ElMjJadW0lMjBBYnNjaGx1c3MlMjB3aXJkJTIwZXMlMjBwZXJzJUMzJUI2bmxpY2glM0ElMjBXZWxjaGUlMjBIYWx0dW5nJTIwYnJhdWNodCUyMGplbWFuZCUyQyUyMGRlciUyMHQlQzMlQTRnbGljaCUyMG1pdCUyMHVudGVybmVobWVyaXNjaGVuJTIwS3Jpc2VuJTIwa29uZnJvbnRpZXJ0JTIwaXN0JTNGJTIwVW5kJTIwd2FzJTIwaGF0JTIwZWluJTIwUmVubmZhaHJlciUyMHdpZSUyME5pa2klMjBMYXVkYSUyMG1pdCUyMHN0cmF0ZWdpc2NoZXIlMjBEaXN6aXBsaW4lMkMlMjBtZW50YWxlciUyMFN0JUMzJUE0cmtlJTIwdW5kJTIwdW50ZXJuZWhtZXJpc2NoZXIlMjBSZXNpbGllbnolMjB6dSUyMHR1biUzRiUyMiU3RCU1RCU3RCUyQyU3QiUyMnR5cGUlMjIlM0ElMjJwYXJhZ3JhcGglMjIlMkMlMjJjaGlsZHJlbiUyMiUzQSU1QiU3QiUyMnRleHQlMjIlM0ElMjJFaW5lJTIwRm9sZ2UlMjB3aWUlMjBlaW4lMjBCbGljayUyMGhpbnRlciUyMGRpZSUyMEt1bGlzc2VuJTIwZWluZXIlMjBCcmFuY2hlJTIwaW0lMjBVbWJydWNoJTIwJUUyJTgwJTkzJTIwaW50ZW5zaXYlMkMlMjBrbGFyJTIwdW5kJTIwbiVDMyVBNGhlciUyMGFuJTIwZGVyJTIwUmVhbGl0JUMzJUE0dCUyMGRlcyUyMEF1dG9tb2JpbGhhbmRlbHMlMkMlMjBhbHMlMjBtYW4lMjB2aWVsbGVpY2h0JTIwZXJ3YXJ0ZXQuJTIyJTdEJTVEJTdEJTVE\"><span data-slate-node=\"text\"><span data-slate-leaf=\"true\" class=\"sc-cyPKZf cXfjgj\">Eine Folge wie ein Blick hinter die Kulissen einer Branche im Umbruch \u2013 intensiv, klar und n\u00e4her an der Realit\u00e4t des Automobilhandels, als man vielleicht erwartet.<\/span><\/span><\/p>\n<\/div>\n<\/div>\n<\/div>[\/et_pb_text][\/et_pb_column][\/et_pb_row][et_pb_row _builder_version=\"4.27.6\" _module_preset=\"default\" link_option_url=\"https:\/\/open.spotify.com\/episode\/7Msaf2LZGlsEGO74mBwuaC?si=-WKhY9FAQtOFWtF3nHzQtw\" link_option_url_new_window=\"on\" hover_enabled=\"0\" global_colors_info=\"{}\" theme_builder_area=\"post_content\" sticky_enabled=\"0\"][et_pb_column type=\"4_4\" _builder_version=\"4.25.0\" _module_preset=\"default\" global_colors_info=\"{}\" theme_builder_area=\"post_content\"][et_pb_text _builder_version=\"4.27.6\" _module_preset=\"default\" link_option_url=\"https:\/\/open.spotify.com\/episode\/7Msaf2LZGlsEGO74mBwuaC?si=-WKhY9FAQtOFWtF3nHzQtw\" link_option_url_new_window=\"on\" hover_enabled=\"0\" global_colors_info=\"{}\" theme_builder_area=\"post_content\" sticky_enabled=\"0\"]<p><strong><a href=\"https:\/\/open.spotify.com\/episode\/0I4ylQemmQ72NNW7db14v2?si=d0qIzqQsT5qz6pKuuxvZnw\" target=\"_blank\" rel=\"noopener\">Jetzt auf Spotify h\u00f6ren &gt;&gt;<\/a><\/strong><\/p>[\/et_pb_text][\/et_pb_column][\/et_pb_row][\/et_pb_section]\n","protected":false},"excerpt":{"rendered":"<p>Willkommen zum Podcast \"Zukunft Automobilwirtschaft\"! Wir sprechen \u00fcber die Zukunft des Automobilhandels und die Themen, die die Branche besch\u00e4ftigen. In unseren Episoden sprechen wir \u00fcber M&amp;A-Prozesse, Nachwuchsf\u00f6rderung, neue Gesch\u00e4ftsmodelle und andere wichtige Themen. Unsere renommierten Interviewpartner teilen ihre Erfahrungen und Einblicke in die Branche und zeigen Strategien f\u00fcr die Herausforderungen der Zukunft auf. Wir laden [&hellip;]<\/p>\n","protected":false},"author":1,"featured_media":3603,"comment_status":"open","ping_status":"open","sticky":false,"template":"","format":"standard","meta":{"_et_pb_use_builder":"on","_et_pb_old_content":"","_et_gb_content_width":"","wp_typography_post_enhancements_disabled":false,"footnotes":""},"categories":[1],"tags":[],"class_list":["post-3612","post","type-post","status-publish","format-standard","has-post-thumbnail","hentry","category-uncategorized"],"yoast_head":"<!-- This site is optimized with the Yoast SEO plugin v27.5 - https:\/\/yoast.com\/product\/yoast-seo-wordpress\/ -->\n<title>Podcast: ZAW | Zukunft Automobilwirtschaft mit Mario Rico - Prudentes<\/title>\n<meta name=\"robots\" content=\"index, follow, max-snippet:-1, max-image-preview:large, max-video-preview:-1\" \/>\n<link rel=\"canonical\" href=\"https:\/\/www.prudentes.de\/en\/podcast-zaw-zukunft-automobilwirtschaft-mit-mario-rico-2\/\" \/>\n<meta property=\"og:locale\" content=\"en_US\" \/>\n<meta property=\"og:type\" content=\"article\" \/>\n<meta property=\"og:title\" content=\"Podcast: ZAW | Zukunft Automobilwirtschaft mit Mario Rico - Prudentes\" \/>\n<meta property=\"og:description\" content=\"Willkommen zum Podcast &quot;Zukunft Automobilwirtschaft&quot;! Wir sprechen \u00fcber die Zukunft des Automobilhandels und die Themen, die die Branche besch\u00e4ftigen. In unseren Episoden sprechen wir \u00fcber M&amp;A-Prozesse, Nachwuchsf\u00f6rderung, neue Gesch\u00e4ftsmodelle und andere wichtige Themen. Unsere renommierten Interviewpartner teilen ihre Erfahrungen und Einblicke in die Branche und zeigen Strategien f\u00fcr die Herausforderungen der Zukunft auf. Wir laden [&hellip;]\" \/>\n<meta property=\"og:url\" content=\"https:\/\/www.prudentes.de\/en\/podcast-zaw-zukunft-automobilwirtschaft-mit-mario-rico-2\/\" \/>\n<meta property=\"og:site_name\" content=\"Prudentes\" \/>\n<meta property=\"article:published_time\" content=\"2026-02-24T13:34:11+00:00\" \/>\n<meta property=\"article:modified_time\" content=\"2026-03-04T13:36:30+00:00\" \/>\n<meta property=\"og:image\" content=\"https:\/\/www.prudentes.de\/wp-content\/uploads\/2026\/03\/Bild2-1024x1024.png\" \/>\n\t<meta property=\"og:image:width\" content=\"1024\" \/>\n\t<meta property=\"og:image:height\" content=\"1024\" \/>\n\t<meta property=\"og:image:type\" content=\"image\/png\" \/>\n<meta name=\"author\" content=\"Prudentes\" \/>\n<meta name=\"twitter:card\" content=\"summary_large_image\" \/>\n<meta name=\"twitter:label1\" content=\"Written by\" \/>\n\t<meta name=\"twitter:data1\" content=\"Prudentes\" \/>\n\t<meta name=\"twitter:label2\" content=\"Est. reading time\" \/>\n\t<meta name=\"twitter:data2\" content=\"3 minutes\" \/>\n<script type=\"application\/ld+json\" class=\"yoast-schema-graph\">{\"@context\":\"https:\\\/\\\/schema.org\",\"@graph\":[{\"@type\":\"Article\",\"@id\":\"https:\\\/\\\/www.prudentes.de\\\/podcast-zaw-zukunft-automobilwirtschaft-mit-mario-rico-2#article\",\"isPartOf\":{\"@id\":\"https:\\\/\\\/www.prudentes.de\\\/podcast-zaw-zukunft-automobilwirtschaft-mit-mario-rico-2\"},\"author\":{\"name\":\"Prudentes\",\"@id\":\"https:\\\/\\\/www.prudentes.de\\\/#\\\/schema\\\/person\\\/93b72057083c0c4aa888a2cc8b778587\"},\"headline\":\"Podcast: ZAW | Zukunft Automobilwirtschaft mit Mario Rico\",\"datePublished\":\"2026-02-24T13:34:11+00:00\",\"dateModified\":\"2026-03-04T13:36:30+00:00\",\"mainEntityOfPage\":{\"@id\":\"https:\\\/\\\/www.prudentes.de\\\/podcast-zaw-zukunft-automobilwirtschaft-mit-mario-rico-2\"},\"wordCount\":778,\"commentCount\":0,\"image\":{\"@id\":\"https:\\\/\\\/www.prudentes.de\\\/podcast-zaw-zukunft-automobilwirtschaft-mit-mario-rico-2#primaryimage\"},\"thumbnailUrl\":\"https:\\\/\\\/www.prudentes.de\\\/wp-content\\\/uploads\\\/2026\\\/03\\\/Bild2.png\",\"inLanguage\":\"en-US\",\"potentialAction\":[{\"@type\":\"CommentAction\",\"name\":\"Comment\",\"target\":[\"https:\\\/\\\/www.prudentes.de\\\/podcast-zaw-zukunft-automobilwirtschaft-mit-mario-rico-2#respond\"]}]},{\"@type\":\"WebPage\",\"@id\":\"https:\\\/\\\/www.prudentes.de\\\/podcast-zaw-zukunft-automobilwirtschaft-mit-mario-rico-2\",\"url\":\"https:\\\/\\\/www.prudentes.de\\\/podcast-zaw-zukunft-automobilwirtschaft-mit-mario-rico-2\",\"name\":\"Podcast: ZAW | Zukunft Automobilwirtschaft mit Mario Rico - Prudentes\",\"isPartOf\":{\"@id\":\"https:\\\/\\\/www.prudentes.de\\\/#website\"},\"primaryImageOfPage\":{\"@id\":\"https:\\\/\\\/www.prudentes.de\\\/podcast-zaw-zukunft-automobilwirtschaft-mit-mario-rico-2#primaryimage\"},\"image\":{\"@id\":\"https:\\\/\\\/www.prudentes.de\\\/podcast-zaw-zukunft-automobilwirtschaft-mit-mario-rico-2#primaryimage\"},\"thumbnailUrl\":\"https:\\\/\\\/www.prudentes.de\\\/wp-content\\\/uploads\\\/2026\\\/03\\\/Bild2.png\",\"datePublished\":\"2026-02-24T13:34:11+00:00\",\"dateModified\":\"2026-03-04T13:36:30+00:00\",\"author\":{\"@id\":\"https:\\\/\\\/www.prudentes.de\\\/#\\\/schema\\\/person\\\/93b72057083c0c4aa888a2cc8b778587\"},\"breadcrumb\":{\"@id\":\"https:\\\/\\\/www.prudentes.de\\\/podcast-zaw-zukunft-automobilwirtschaft-mit-mario-rico-2#breadcrumb\"},\"inLanguage\":\"en-US\",\"potentialAction\":[{\"@type\":\"ReadAction\",\"target\":[\"https:\\\/\\\/www.prudentes.de\\\/podcast-zaw-zukunft-automobilwirtschaft-mit-mario-rico-2\"]}]},{\"@type\":\"ImageObject\",\"inLanguage\":\"en-US\",\"@id\":\"https:\\\/\\\/www.prudentes.de\\\/podcast-zaw-zukunft-automobilwirtschaft-mit-mario-rico-2#primaryimage\",\"url\":\"https:\\\/\\\/www.prudentes.de\\\/wp-content\\\/uploads\\\/2026\\\/03\\\/Bild2.png\",\"contentUrl\":\"https:\\\/\\\/www.prudentes.de\\\/wp-content\\\/uploads\\\/2026\\\/03\\\/Bild2.png\",\"width\":2066,\"height\":2066},{\"@type\":\"BreadcrumbList\",\"@id\":\"https:\\\/\\\/www.prudentes.de\\\/podcast-zaw-zukunft-automobilwirtschaft-mit-mario-rico-2#breadcrumb\",\"itemListElement\":[{\"@type\":\"ListItem\",\"position\":1,\"name\":\"Startseite\",\"item\":\"https:\\\/\\\/www.prudentes.de\\\/\"},{\"@type\":\"ListItem\",\"position\":2,\"name\":\"Podcast: ZAW | Zukunft Automobilwirtschaft mit Mario Rico\"}]},{\"@type\":\"WebSite\",\"@id\":\"https:\\\/\\\/www.prudentes.de\\\/#website\",\"url\":\"https:\\\/\\\/www.prudentes.de\\\/\",\"name\":\"Prudentes\",\"description\":\"Prudentes Management GmbH\",\"potentialAction\":[{\"@type\":\"SearchAction\",\"target\":{\"@type\":\"EntryPoint\",\"urlTemplate\":\"https:\\\/\\\/www.prudentes.de\\\/?s={search_term_string}\"},\"query-input\":{\"@type\":\"PropertyValueSpecification\",\"valueRequired\":true,\"valueName\":\"search_term_string\"}}],\"inLanguage\":\"en-US\"},{\"@type\":\"Person\",\"@id\":\"https:\\\/\\\/www.prudentes.de\\\/#\\\/schema\\\/person\\\/93b72057083c0c4aa888a2cc8b778587\",\"name\":\"Prudentes\",\"image\":{\"@type\":\"ImageObject\",\"inLanguage\":\"en-US\",\"@id\":\"https:\\\/\\\/secure.gravatar.com\\\/avatar\\\/394a838266da979976a9502a8061fc9690356637af29e0726134ddd925513862?s=96&d=mm&r=g\",\"url\":\"https:\\\/\\\/secure.gravatar.com\\\/avatar\\\/394a838266da979976a9502a8061fc9690356637af29e0726134ddd925513862?s=96&d=mm&r=g\",\"contentUrl\":\"https:\\\/\\\/secure.gravatar.com\\\/avatar\\\/394a838266da979976a9502a8061fc9690356637af29e0726134ddd925513862?s=96&d=mm&r=g\",\"caption\":\"Prudentes\"},\"sameAs\":[\"https:\\\/\\\/wordpress.prudentes.de\"],\"url\":\"https:\\\/\\\/www.prudentes.de\\\/en\\\/author\\\/websiteprudentes\"}]}<\/script>\n<!-- \/ Yoast SEO plugin. -->","yoast_head_json":{"title":"Pod\u00adcast: ZAW | Zukunft Auto\u00admo\u00adbil\u00adwirt\u00adschaft mit Mario Rico \u2014 Prudentes","robots":{"index":"index","follow":"follow","max-snippet":"max-snippet:-1","max-image-preview":"max-image-preview:large","max-video-preview":"max-video-preview:-1"},"canonical":"https:\/\/www.prudentes.de\/en\/podcast-zaw-zukunft-automobilwirtschaft-mit-mario-rico-2\/","og_locale":"en_US","og_type":"article","og_title":"Podcast: ZAW | Zukunft Automobilwirtschaft mit Mario Rico - Prudentes","og_description":"Willkommen zum Podcast \"Zukunft Automobilwirtschaft\"! Wir sprechen \u00fcber die Zukunft des Automobilhandels und die Themen, die die Branche besch\u00e4ftigen. In unseren Episoden sprechen wir \u00fcber M&amp;A-Prozesse, Nachwuchsf\u00f6rderung, neue Gesch\u00e4ftsmodelle und andere wichtige Themen. Unsere renommierten Interviewpartner teilen ihre Erfahrungen und Einblicke in die Branche und zeigen Strategien f\u00fcr die Herausforderungen der Zukunft auf. Wir laden [&hellip;]","og_url":"https:\/\/www.prudentes.de\/en\/podcast-zaw-zukunft-automobilwirtschaft-mit-mario-rico-2\/","og_site_name":"Prudentes","article_published_time":"2026-02-24T13:34:11+00:00","article_modified_time":"2026-03-04T13:36:30+00:00","og_image":[{"width":1024,"height":1024,"url":"https:\/\/www.prudentes.de\/wp-content\/uploads\/2026\/03\/Bild2-1024x1024.png","type":"image\/png"}],"author":"Prudentes","twitter_card":"summary_large_image","twitter_misc":{"Written by":"Prudentes","Est. reading time":"3 minutes"},"schema":{"@context":"https:\/\/schema.org","@graph":[{"@type":"Article","@id":"https:\/\/www.prudentes.de\/podcast-zaw-zukunft-automobilwirtschaft-mit-mario-rico-2#article","isPartOf":{"@id":"https:\/\/www.prudentes.de\/podcast-zaw-zukunft-automobilwirtschaft-mit-mario-rico-2"},"author":{"name":"Prudentes","@id":"https:\/\/www.prudentes.de\/#\/schema\/person\/93b72057083c0c4aa888a2cc8b778587"},"headline":"Podcast: ZAW | Zukunft Automobilwirtschaft mit Mario Rico","datePublished":"2026-02-24T13:34:11+00:00","dateModified":"2026-03-04T13:36:30+00:00","mainEntityOfPage":{"@id":"https:\/\/www.prudentes.de\/podcast-zaw-zukunft-automobilwirtschaft-mit-mario-rico-2"},"wordCount":778,"commentCount":0,"image":{"@id":"https:\/\/www.prudentes.de\/podcast-zaw-zukunft-automobilwirtschaft-mit-mario-rico-2#primaryimage"},"thumbnailUrl":"https:\/\/www.prudentes.de\/wp-content\/uploads\/2026\/03\/Bild2.png","inLanguage":"en-US","potentialAction":[{"@type":"CommentAction","name":"Comment","target":["https:\/\/www.prudentes.de\/podcast-zaw-zukunft-automobilwirtschaft-mit-mario-rico-2#respond"]}]},{"@type":"WebPage","@id":"https:\/\/www.prudentes.de\/podcast-zaw-zukunft-automobilwirtschaft-mit-mario-rico-2","url":"https:\/\/www.prudentes.de\/podcast-zaw-zukunft-automobilwirtschaft-mit-mario-rico-2","name":"Pod\u00adcast: ZAW | Zukunft Auto\u00admo\u00adbil\u00adwirt\u00adschaft mit Mario Rico \u2014 Prudentes","isPartOf":{"@id":"https:\/\/www.prudentes.de\/#website"},"primaryImageOfPage":{"@id":"https:\/\/www.prudentes.de\/podcast-zaw-zukunft-automobilwirtschaft-mit-mario-rico-2#primaryimage"},"image":{"@id":"https:\/\/www.prudentes.de\/podcast-zaw-zukunft-automobilwirtschaft-mit-mario-rico-2#primaryimage"},"thumbnailUrl":"https:\/\/www.prudentes.de\/wp-content\/uploads\/2026\/03\/Bild2.png","datePublished":"2026-02-24T13:34:11+00:00","dateModified":"2026-03-04T13:36:30+00:00","author":{"@id":"https:\/\/www.prudentes.de\/#\/schema\/person\/93b72057083c0c4aa888a2cc8b778587"},"breadcrumb":{"@id":"https:\/\/www.prudentes.de\/podcast-zaw-zukunft-automobilwirtschaft-mit-mario-rico-2#breadcrumb"},"inLanguage":"en-US","potentialAction":[{"@type":"ReadAction","target":["https:\/\/www.prudentes.de\/podcast-zaw-zukunft-automobilwirtschaft-mit-mario-rico-2"]}]},{"@type":"ImageObject","inLanguage":"en-US","@id":"https:\/\/www.prudentes.de\/podcast-zaw-zukunft-automobilwirtschaft-mit-mario-rico-2#primaryimage","url":"https:\/\/www.prudentes.de\/wp-content\/uploads\/2026\/03\/Bild2.png","contentUrl":"https:\/\/www.prudentes.de\/wp-content\/uploads\/2026\/03\/Bild2.png","width":2066,"height":2066},{"@type":"BreadcrumbList","@id":"https:\/\/www.prudentes.de\/podcast-zaw-zukunft-automobilwirtschaft-mit-mario-rico-2#breadcrumb","itemListElement":[{"@type":"ListItem","position":1,"name":"Startseite","item":"https:\/\/www.prudentes.de\/"},{"@type":"ListItem","position":2,"name":"Podcast: ZAW | Zukunft Automobilwirtschaft mit Mario Rico"}]},{"@type":"WebSite","@id":"https:\/\/www.prudentes.de\/#website","url":"https:\/\/www.prudentes.de\/","name":"Pru\u00adden\u00adtes","description":"Pru\u00adden\u00adtes Manage\u00adment&nbsp;GmbH","potentialAction":[{"@type":"SearchAction","target":{"@type":"EntryPoint","urlTemplate":"https:\/\/www.prudentes.de\/?s={search_term_string}"},"query-input":{"@type":"PropertyValueSpecification","valueRequired":true,"valueName":"search_term_string"}}],"inLanguage":"en-US"},{"@type":"Person","@id":"https:\/\/www.prudentes.de\/#\/schema\/person\/93b72057083c0c4aa888a2cc8b778587","name":"Pru\u00adden\u00adtes","image":{"@type":"ImageObject","inLanguage":"en-US","@id":"https:\/\/secure.gravatar.com\/avatar\/394a838266da979976a9502a8061fc9690356637af29e0726134ddd925513862?s=96&d=mm&r=g","url":"https:\/\/secure.gravatar.com\/avatar\/394a838266da979976a9502a8061fc9690356637af29e0726134ddd925513862?s=96&d=mm&r=g","contentUrl":"https:\/\/secure.gravatar.com\/avatar\/394a838266da979976a9502a8061fc9690356637af29e0726134ddd925513862?s=96&d=mm&r=g","caption":"Prudentes"},"sameAs":["https:\/\/wordpress.prudentes.de"],"url":"https:\/\/www.prudentes.de\/en\/author\/websiteprudentes"}]}},"_links":{"self":[{"href":"https:\/\/www.prudentes.de\/en\/wp-json\/wp\/v2\/posts\/3612","targetHints":{"allow":["GET"]}}],"collection":[{"href":"https:\/\/www.prudentes.de\/en\/wp-json\/wp\/v2\/posts"}],"about":[{"href":"https:\/\/www.prudentes.de\/en\/wp-json\/wp\/v2\/types\/post"}],"author":[{"embeddable":true,"href":"https:\/\/www.prudentes.de\/en\/wp-json\/wp\/v2\/users\/1"}],"replies":[{"embeddable":true,"href":"https:\/\/www.prudentes.de\/en\/wp-json\/wp\/v2\/comments?post=3612"}],"version-history":[{"count":1,"href":"https:\/\/www.prudentes.de\/en\/wp-json\/wp\/v2\/posts\/3612\/revisions"}],"predecessor-version":[{"id":3619,"href":"https:\/\/www.prudentes.de\/en\/wp-json\/wp\/v2\/posts\/3612\/revisions\/3619"}],"wp:featuredmedia":[{"embeddable":true,"href":"https:\/\/www.prudentes.de\/en\/wp-json\/wp\/v2\/media\/3603"}],"wp:attachment":[{"href":"https:\/\/www.prudentes.de\/en\/wp-json\/wp\/v2\/media?parent=3612"}],"wp:term":[{"taxonomy":"category","embeddable":true,"href":"https:\/\/www.prudentes.de\/en\/wp-json\/wp\/v2\/categories?post=3612"},{"taxonomy":"post_tag","embeddable":true,"href":"https:\/\/www.prudentes.de\/en\/wp-json\/wp\/v2\/tags?post=3612"}],"curies":[{"name":"wp","href":"https:\/\/api.w.org\/{rel}","templated":true}]}}