{"id":3601,"date":"2025-11-26T13:15:26","date_gmt":"2025-11-26T13:15:26","guid":{"rendered":"https:\/\/www.prudentes.de\/?p=3601"},"modified":"2026-03-04T13:31:39","modified_gmt":"2026-03-04T13:31:39","slug":"podcast-zaw-zukunft-automobilwirtschaft-mit-mario-rico","status":"publish","type":"post","link":"https:\/\/www.prudentes.de\/en\/podcast-zaw-zukunft-automobilwirtschaft-mit-mario-rico","title":{"rendered":"Pod\u00adcast: ZAW | Zukunft Auto\u00admo\u00adbil\u00adwirt\u00adschaft mit Chris\u00adti\u00adan&nbsp;Ach"},"content":{"rendered":"<p>[et_pb_section fb_built=\"1\" _builder_version=\"4.25.0\" _module_preset=\"default\" global_colors_info=\"{}\" theme_builder_area=\"post_content\"][et_pb_row _builder_version=\"4.25.0\" _module_preset=\"default\" global_colors_info=\"{}\" theme_builder_area=\"post_content\"][et_pb_column type=\"4_4\" _builder_version=\"4.25.0\" _module_preset=\"default\" global_colors_info=\"{}\" theme_builder_area=\"post_content\"][et_pb_heading title=\"ZAW mit Christian Ach: Erfolgreicher Automobilvertrieb in unsicheren Zeiten\" _builder_version=\"4.27.6\" _module_preset=\"default\" title_level=\"h2\" title_font=\"||||||||\" global_colors_info=\"{}\" theme_builder_area=\"post_content\"][\/et_pb_heading][\/et_pb_column][\/et_pb_row][et_pb_row _builder_version=\"4.25.0\" _module_preset=\"default\" global_colors_info=\"{}\" theme_builder_area=\"post_content\"][et_pb_column type=\"4_4\" _builder_version=\"4.25.0\" _module_preset=\"default\" global_colors_info=\"{}\" theme_builder_area=\"post_content\"][et_pb_image src=\"https:\/\/www.prudentes.de\/wp-content\/uploads\/2026\/03\/Bild15.png\" title_text=\"Bild15\" align=\"center\" _builder_version=\"4.27.6\" _module_preset=\"default\" global_colors_info=\"{}\" theme_builder_area=\"post_content\"][\/et_pb_image][\/et_pb_column][\/et_pb_row][et_pb_row _builder_version=\"4.25.0\" _module_preset=\"default\" global_colors_info=\"{}\" theme_builder_area=\"post_content\"][et_pb_column type=\"4_4\" _builder_version=\"4.25.0\" _module_preset=\"default\" global_colors_info=\"{}\" theme_builder_area=\"post_content\"][et_pb_text _builder_version=\"4.25.0\" _module_preset=\"default\" global_colors_info=\"{}\" theme_builder_area=\"post_content\"]<\/p>\n<p style=\"text-align: justify;\">Willkommen zum Podcast \"Zukunft Automobilwirtschaft\"! Wir sprechen \u00fcber die Zukunft des Automobilhandels und die Themen, die die Branche besch\u00e4ftigen. In unseren Episoden sprechen wir \u00fcber M&amp;A-Prozesse, Nachwuchsf\u00f6rderung, neue Gesch\u00e4ftsmodelle und andere wichtige Themen. Unsere renommierten Interviewpartner teilen ihre Erfahrungen und Einblicke in die Branche und zeigen Strategien f\u00fcr die Herausforderungen der Zukunft auf. Wir laden Sie ein, uns auf dieser spannenden Reise durch die Welt des Automobilhandels zu begleiten.<\/p>\n<p>[\/et_pb_text][et_pb_text _builder_version=\"4.27.6\" _module_preset=\"default\" global_colors_info=\"{}\" theme_builder_area=\"post_content\"]<\/p>\n<div class=\"lykOktr3YIn79xOvVQtS\">\n<div class=\"lykOktr3YIn79xOvVQtS\">\n<div class=\"lykOktr3YIn79xOvVQtS\">\n<p class=\"e-91090-text encore-text-body-medium\" data-encore-id=\"text\" data-slate-node=\"element\"><span data-slate-node=\"text\"><span data-slate-leaf=\"true\" class=\"sc-cyPKZf cXfjgj\">In dieser Folge von \u201eZAW Zukunft Automobilwirtschaft\u201c sprechen wir mit Christian Ach, Leiter Markt Deutschland der BMW AG.<\/span><\/span><\/p>\n<p class=\"e-91090-text encore-text-body-medium\" data-encore-id=\"text\" data-slate-node=\"element\"><span data-slate-node=\"text\"><span data-slate-leaf=\"true\" class=\"sc-cyPKZf cXfjgj\">Gemeinsam blicken wir auf den Automobilvertrieb 2025 \u2013 einen Markt, der trotz geopolitischer Spannungen und politischer Unsicherheiten bemerkenswert stabil bleibt. Christian Ach erkl\u00e4rt, warum BMW den deutschen Markt als verl\u00e4sslich und gut prognostizierbar einsch\u00e4tzt und welche drei Faktoren dabei entscheidend sind: eine starke Marke, ein breit aufgestelltes Produktportfolio sowie ein professionelles, eng angebundenes H\u00e4ndlernetz.<\/span><\/span><\/p>\n<p class=\"e-91090-text encore-text-body-medium\" data-encore-id=\"text\" data-slate-node=\"element\"><span data-slate-node=\"text\"><span data-slate-leaf=\"true\" class=\"sc-cyPKZf cXfjgj\">Wir diskutieren, wie BMW Effizienz, Profitabilit\u00e4t und Kundenn\u00e4he ausbalanciert, welche Rolle Transparenz und datenbasierte Steuerung spielen und weshalb der deutsche Markt durch seine Datentiefe besondere Vorteile bietet. Au\u00dferdem sprechen wir \u00fcber die Partnerschaft zwischen Hersteller und Handel: offene Kommunikation, klare Erwartungen und die Frage, warum BMW den Weg ins echte Agenturmodell konsequent fortsetzt \u2013 und dennoch den Unternehmergeist im Handel als unverzichtbar betrachtet.<\/span><\/span><\/p>\n<p class=\"e-91090-text encore-text-body-medium\" data-encore-id=\"text\" data-slate-node=\"element\"><span data-slate-node=\"text\"><span data-slate-leaf=\"true\" class=\"sc-cyPKZf cXfjgj\">Dar\u00fcber hinaus geht es um Resilienz und Ambidextrie: Wie k\u00f6nnen Autoh\u00e4user ihre Widerstandskraft st\u00e4rken? Was unterscheidet die besonders erfolgreichen BMW-Partner von den \u00fcbrigen? Christian Ach zeigt, wie datengetriebene Steuerung, klare Kennzahlen und schnelle Entscheidungen zum Erfolgsfaktor werden \u2013 ganz nach dem Motto: \u201eDie Schnellen schlagen die Langsamen.\u201c<\/span><\/span><\/p>\n<p class=\"e-91090-text encore-text-body-medium\" data-encore-id=\"text\" data-slate-node=\"element\" data-slate-fragment=\"JTVCJTdCJTIydHlwZSUyMiUzQSUyMnBhcmFncmFwaCUyMiUyQyUyMmNoaWxkcmVuJTIyJTNBJTVCJTdCJTIydGV4dCUyMiUzQSUyMkluJTIwZGllc2VyJTIwRm9sZ2UlMjB2b24lMjAlRTIlODAlOUVaQVclMjBadWt1bmZ0JTIwQXV0b21vYmlsd2lydHNjaGFmdCVFMiU4MCU5QyUyMHNwcmVjaGVuJTIwd2lyJTIwbWl0JTIwQ2hyaXN0aWFuJTIwQWNoJTJDJTIwTGVpdGVyJTIwTWFya3QlMjBEZXV0c2NobGFuZCUyMGRlciUyMEJNVyUyMEFHLiUyMiU3RCU1RCU3RCUyQyU3QiUyMnR5cGUlMjIlM0ElMjJwYXJhZ3JhcGglMjIlMkMlMjJjaGlsZHJlbiUyMiUzQSU1QiU3QiUyMnRleHQlMjIlM0ElMjJHZW1laW5zYW0lMjBibGlja2VuJTIwd2lyJTIwYXVmJTIwZGVuJTIwQXV0b21vYmlsdmVydHJpZWIlMjAyMDI1JTIwJUUyJTgwJTkzJTIwZWluZW4lMjBNYXJrdCUyQyUyMGRlciUyMHRyb3R6JTIwZ2VvcG9saXRpc2NoZXIlMjBTcGFubnVuZ2VuJTIwdW5kJTIwcG9saXRpc2NoZXIlMjBVbnNpY2hlcmhlaXRlbiUyMGJlbWVya2Vuc3dlcnQlMjBzdGFiaWwlMjBibGVpYnQuJTIwQ2hyaXN0aWFuJTIwQWNoJTIwZXJrbCVDMyVBNHJ0JTJDJTIwd2FydW0lMjBCTVclMjBkZW4lMjBkZXV0c2NoZW4lMjBNYXJrdCUyMGFscyUyMHZlcmwlQzMlQTRzc2xpY2glMjB1bmQlMjBndXQlMjBwcm9nbm9zdGl6aWVyYmFyJTIwZWluc2NoJUMzJUE0dHp0JTIwdW5kJTIwd2VsY2hlJTIwZHJlaSUyMEZha3RvcmVuJTIwZGFiZWklMjBlbnRzY2hlaWRlbmQlMjBzaW5kJTNBJTIwZWluZSUyMHN0YXJrZSUyME1hcmtlJTJDJTIwZWluJTIwYnJlaXQlMjBhdWZnZXN0ZWxsdGVzJTIwUHJvZHVrdHBvcnRmb2xpbyUyMHNvd2llJTIwZWluJTIwcHJvZmVzc2lvbmVsbGVzJTJDJTIwZW5nJTIwYW5nZWJ1bmRlbmVzJTIwSCVDMyVBNG5kbGVybmV0ei4lMjIlN0QlNUQlN0QlMkMlN0IlMjJ0eXBlJTIyJTNBJTIycGFyYWdyYXBoJTIyJTJDJTIyY2hpbGRyZW4lMjIlM0ElNUIlN0IlMjJ0ZXh0JTIyJTNBJTIyV2lyJTIwZGlza3V0aWVyZW4lMkMlMjB3aWUlMjBCTVclMjBFZmZpemllbnolMkMlMjBQcm9maXRhYmlsaXQlQzMlQTR0JTIwdW5kJTIwS3VuZGVubiVDMyVBNGhlJTIwYXVzYmFsYW5jaWVydCUyQyUyMHdlbGNoZSUyMFJvbGxlJTIwVHJhbnNwYXJlbnolMjB1bmQlMjBkYXRlbmJhc2llcnRlJTIwU3RldWVydW5nJTIwc3BpZWxlbiUyMHVuZCUyMHdlc2hhbGIlMjBkZXIlMjBkZXV0c2NoZSUyME1hcmt0JTIwZHVyY2glMjBzZWluZSUyMERhdGVudGllZmUlMjBiZXNvbmRlcmUlMjBWb3J0ZWlsZSUyMGJpZXRldC4lMjBBdSVDMyU5RmVyZGVtJTIwc3ByZWNoZW4lMjB3aXIlMjAlQzMlQkNiZXIlMjBkaWUlMjBQYXJ0bmVyc2NoYWZ0JTIwendpc2NoZW4lMjBIZXJzdGVsbGVyJTIwdW5kJTIwSGFuZGVsJTNBJTIwb2ZmZW5lJTIwS29tbXVuaWthdGlvbiUyQyUyMGtsYXJlJTIwRXJ3YXJ0dW5nZW4lMjB1bmQlMjBkaWUlMjBGcmFnZSUyQyUyMHdhcnVtJTIwQk1XJTIwZGVuJTIwV2VnJTIwaW5zJTIwZWNodGUlMjBBZ2VudHVybW9kZWxsJTIwa29uc2VxdWVudCUyMGZvcnRzZXR6dCUyMCVFMiU4MCU5MyUyMHVuZCUyMGRlbm5vY2glMjBkZW4lMjBVbnRlcm5laG1lcmdlaXN0JTIwaW0lMjBIYW5kZWwlMjBhbHMlMjB1bnZlcnppY2h0YmFyJTIwYmV0cmFjaHRldC4lMjIlN0QlNUQlN0QlMkMlN0IlMjJ0eXBlJTIyJTNBJTIycGFyYWdyYXBoJTIyJTJDJTIyY2hpbGRyZW4lMjIlM0ElNUIlN0IlMjJ0ZXh0JTIyJTNBJTIyRGFyJUMzJUJDYmVyJTIwaGluYXVzJTIwZ2VodCUyMGVzJTIwdW0lMjBSZXNpbGllbnolMjB1bmQlMjBBbWJpZGV4dHJpZSUzQSUyMFdpZSUyMGslQzMlQjZubmVuJTIwQXV0b2glQzMlQTR1c2VyJTIwaWhyZSUyMFdpZGVyc3RhbmRza3JhZnQlMjBzdCVDMyVBNHJrZW4lM0YlMjBXYXMlMjB1bnRlcnNjaGVpZGV0JTIwZGllJTIwYmVzb25kZXJzJTIwZXJmb2xncmVpY2hlbiUyMEJNVy1QYXJ0bmVyJTIwdm9uJTIwZGVuJTIwJUMzJUJDYnJpZ2VuJTNGJTIwQ2hyaXN0aWFuJTIwQWNoJTIwemVpZ3QlMkMlMjB3aWUlMjBkYXRlbmdldHJpZWJlbmUlMjBTdGV1ZXJ1bmclMkMlMjBrbGFyZSUyMEtlbm56YWhsZW4lMjB1bmQlMjBzY2huZWxsZSUyMEVudHNjaGVpZHVuZ2VuJTIwenVtJTIwRXJmb2xnc2Zha3RvciUyMHdlcmRlbiUyMCVFMiU4MCU5MyUyMGdhbnolMjBuYWNoJTIwZGVtJTIwTW90dG8lM0ElMjAlRTIlODAlOUVEaWUlMjBTY2huZWxsZW4lMjBzY2hsYWdlbiUyMGRpZSUyMExhbmdzYW1lbi4lRTIlODAlOUMlMjIlN0QlNUQlN0QlMkMlN0IlMjJ0eXBlJTIyJTNBJTIycGFyYWdyYXBoJTIyJTJDJTIyY2hpbGRyZW4lMjIlM0ElNUIlN0IlMjJ0ZXh0JTIyJTNBJTIyRWluZSUyMEZvbGdlJTIwdm9sbGVyJTIwa2xhcmVyJTJDJTIwYXV0aGVudGlzY2hlciUyMEVpbmJsaWNrZSUyMGluJTIwTWFya3QlMkMlMjBWZXJ0cmllYiUyMHVuZCUyMGRpZSUyMFp1a3VuZnQlMjBkZXMlMjBQcmVtaXVtaGFuZGVscyUyMGluJTIwRGV1dHNjaGxhbmQuJTIyJTdEJTVEJTdEJTVE\"><span data-slate-node=\"text\"><span data-slate-leaf=\"true\" class=\"sc-cyPKZf cXfjgj\">Eine Folge voller klarer, authentischer Einblicke in Markt, Vertrieb und die Zukunft des Premiumhandels in Deutschland.<\/span><\/span><\/p>\n<\/div>\n<\/div>\n<\/div>\n<p>[\/et_pb_text][\/et_pb_column][\/et_pb_row][et_pb_row _builder_version=\"4.27.6\" _module_preset=\"default\" link_option_url=\"https:\/\/open.spotify.com\/episode\/5lFcWaD4KTyhl5pbu0Ut77?si=-aONuoXJTguMnMSRvzlvBg\" link_option_url_new_window=\"on\" global_colors_info=\"{}\" theme_builder_area=\"post_content\"][et_pb_column type=\"4_4\" _builder_version=\"4.25.0\" _module_preset=\"default\" global_colors_info=\"{}\" theme_builder_area=\"post_content\"][et_pb_text _builder_version=\"4.27.6\" _module_preset=\"default\" link_option_url=\"https:\/\/open.spotify.com\/episode\/5lFcWaD4KTyhl5pbu0Ut77?si=-aONuoXJTguMnMSRvzlvBg\" link_option_url_new_window=\"on\" global_colors_info=\"{}\" theme_builder_area=\"post_content\"]<\/p>\n<p><strong><a href=\"https:\/\/open.spotify.com\/episode\/0I4ylQemmQ72NNW7db14v2?si=d0qIzqQsT5qz6pKuuxvZnw\" target=\"_blank\" rel=\"noopener\">Jetzt auf Spotify h\u00f6ren &gt;&gt;<\/a><\/strong><\/p>\n<p>[\/et_pb_text][\/et_pb_column][\/et_pb_row][\/et_pb_section]<\/p>\n","protected":false},"excerpt":{"rendered":"<p>Willkommen zum Podcast \"Zukunft Automobilwirtschaft\"! Wir sprechen \u00fcber die Zukunft des Automobilhandels und die Themen, die die Branche besch\u00e4ftigen. In unseren Episoden sprechen wir \u00fcber M&amp;A-Prozesse, Nachwuchsf\u00f6rderung, neue Gesch\u00e4ftsmodelle und andere wichtige Themen. Unsere renommierten Interviewpartner teilen ihre Erfahrungen und Einblicke in die Branche und zeigen Strategien f\u00fcr die Herausforderungen der Zukunft auf. Wir laden [&hellip;]<\/p>\n","protected":false},"author":1,"featured_media":3613,"comment_status":"open","ping_status":"open","sticky":false,"template":"","format":"standard","meta":{"_et_pb_use_builder":"on","_et_pb_old_content":"","_et_gb_content_width":"","wp_typography_post_enhancements_disabled":false,"footnotes":""},"categories":[1],"tags":[],"class_list":["post-3601","post","type-post","status-publish","format-standard","has-post-thumbnail","hentry","category-uncategorized"],"yoast_head":"<!-- This site is optimized with the Yoast SEO plugin v27.5 - https:\/\/yoast.com\/product\/yoast-seo-wordpress\/ -->\n<title>Podcast: ZAW | Zukunft Automobilwirtschaft mit Christian Ach - Prudentes<\/title>\n<meta name=\"robots\" content=\"index, follow, max-snippet:-1, max-image-preview:large, max-video-preview:-1\" \/>\n<link rel=\"canonical\" href=\"https:\/\/www.prudentes.de\/en\/podcast-zaw-zukunft-automobilwirtschaft-mit-mario-rico\/\" \/>\n<meta property=\"og:locale\" content=\"en_US\" \/>\n<meta property=\"og:type\" content=\"article\" \/>\n<meta property=\"og:title\" content=\"Podcast: ZAW | Zukunft Automobilwirtschaft mit Christian Ach - Prudentes\" \/>\n<meta property=\"og:description\" content=\"Willkommen zum Podcast &quot;Zukunft Automobilwirtschaft&quot;! Wir sprechen \u00fcber die Zukunft des Automobilhandels und die Themen, die die Branche besch\u00e4ftigen. In unseren Episoden sprechen wir \u00fcber M&amp;A-Prozesse, Nachwuchsf\u00f6rderung, neue Gesch\u00e4ftsmodelle und andere wichtige Themen. Unsere renommierten Interviewpartner teilen ihre Erfahrungen und Einblicke in die Branche und zeigen Strategien f\u00fcr die Herausforderungen der Zukunft auf. Wir laden [&hellip;]\" \/>\n<meta property=\"og:url\" content=\"https:\/\/www.prudentes.de\/en\/podcast-zaw-zukunft-automobilwirtschaft-mit-mario-rico\/\" \/>\n<meta property=\"og:site_name\" content=\"Prudentes\" \/>\n<meta property=\"article:published_time\" content=\"2025-11-26T13:15:26+00:00\" \/>\n<meta property=\"article:modified_time\" content=\"2026-03-04T13:31:39+00:00\" \/>\n<meta property=\"og:image\" content=\"https:\/\/www.prudentes.de\/wp-content\/uploads\/2026\/03\/Bild15-1024x1024.png\" \/>\n\t<meta property=\"og:image:width\" content=\"1024\" \/>\n\t<meta property=\"og:image:height\" content=\"1024\" \/>\n\t<meta property=\"og:image:type\" content=\"image\/png\" \/>\n<meta name=\"author\" content=\"Prudentes\" \/>\n<meta name=\"twitter:card\" content=\"summary_large_image\" \/>\n<meta name=\"twitter:label1\" content=\"Written by\" \/>\n\t<meta name=\"twitter:data1\" content=\"Prudentes\" \/>\n\t<meta name=\"twitter:label2\" content=\"Est. reading time\" \/>\n\t<meta name=\"twitter:data2\" content=\"3 minutes\" \/>\n<script type=\"application\/ld+json\" class=\"yoast-schema-graph\">{\"@context\":\"https:\\\/\\\/schema.org\",\"@graph\":[{\"@type\":\"Article\",\"@id\":\"https:\\\/\\\/www.prudentes.de\\\/podcast-zaw-zukunft-automobilwirtschaft-mit-mario-rico#article\",\"isPartOf\":{\"@id\":\"https:\\\/\\\/www.prudentes.de\\\/podcast-zaw-zukunft-automobilwirtschaft-mit-mario-rico\"},\"author\":{\"name\":\"Prudentes\",\"@id\":\"https:\\\/\\\/www.prudentes.de\\\/#\\\/schema\\\/person\\\/93b72057083c0c4aa888a2cc8b778587\"},\"headline\":\"Podcast: ZAW | Zukunft Automobilwirtschaft mit Christian Ach\",\"datePublished\":\"2025-11-26T13:15:26+00:00\",\"dateModified\":\"2026-03-04T13:31:39+00:00\",\"mainEntityOfPage\":{\"@id\":\"https:\\\/\\\/www.prudentes.de\\\/podcast-zaw-zukunft-automobilwirtschaft-mit-mario-rico\"},\"wordCount\":635,\"commentCount\":0,\"image\":{\"@id\":\"https:\\\/\\\/www.prudentes.de\\\/podcast-zaw-zukunft-automobilwirtschaft-mit-mario-rico#primaryimage\"},\"thumbnailUrl\":\"https:\\\/\\\/www.prudentes.de\\\/wp-content\\\/uploads\\\/2026\\\/03\\\/Bild15.png\",\"inLanguage\":\"en-US\",\"potentialAction\":[{\"@type\":\"CommentAction\",\"name\":\"Comment\",\"target\":[\"https:\\\/\\\/www.prudentes.de\\\/podcast-zaw-zukunft-automobilwirtschaft-mit-mario-rico#respond\"]}]},{\"@type\":\"WebPage\",\"@id\":\"https:\\\/\\\/www.prudentes.de\\\/podcast-zaw-zukunft-automobilwirtschaft-mit-mario-rico\",\"url\":\"https:\\\/\\\/www.prudentes.de\\\/podcast-zaw-zukunft-automobilwirtschaft-mit-mario-rico\",\"name\":\"Podcast: ZAW | Zukunft Automobilwirtschaft mit Christian Ach - Prudentes\",\"isPartOf\":{\"@id\":\"https:\\\/\\\/www.prudentes.de\\\/#website\"},\"primaryImageOfPage\":{\"@id\":\"https:\\\/\\\/www.prudentes.de\\\/podcast-zaw-zukunft-automobilwirtschaft-mit-mario-rico#primaryimage\"},\"image\":{\"@id\":\"https:\\\/\\\/www.prudentes.de\\\/podcast-zaw-zukunft-automobilwirtschaft-mit-mario-rico#primaryimage\"},\"thumbnailUrl\":\"https:\\\/\\\/www.prudentes.de\\\/wp-content\\\/uploads\\\/2026\\\/03\\\/Bild15.png\",\"datePublished\":\"2025-11-26T13:15:26+00:00\",\"dateModified\":\"2026-03-04T13:31:39+00:00\",\"author\":{\"@id\":\"https:\\\/\\\/www.prudentes.de\\\/#\\\/schema\\\/person\\\/93b72057083c0c4aa888a2cc8b778587\"},\"breadcrumb\":{\"@id\":\"https:\\\/\\\/www.prudentes.de\\\/podcast-zaw-zukunft-automobilwirtschaft-mit-mario-rico#breadcrumb\"},\"inLanguage\":\"en-US\",\"potentialAction\":[{\"@type\":\"ReadAction\",\"target\":[\"https:\\\/\\\/www.prudentes.de\\\/podcast-zaw-zukunft-automobilwirtschaft-mit-mario-rico\"]}]},{\"@type\":\"ImageObject\",\"inLanguage\":\"en-US\",\"@id\":\"https:\\\/\\\/www.prudentes.de\\\/podcast-zaw-zukunft-automobilwirtschaft-mit-mario-rico#primaryimage\",\"url\":\"https:\\\/\\\/www.prudentes.de\\\/wp-content\\\/uploads\\\/2026\\\/03\\\/Bild15.png\",\"contentUrl\":\"https:\\\/\\\/www.prudentes.de\\\/wp-content\\\/uploads\\\/2026\\\/03\\\/Bild15.png\",\"width\":2066,\"height\":2066},{\"@type\":\"BreadcrumbList\",\"@id\":\"https:\\\/\\\/www.prudentes.de\\\/podcast-zaw-zukunft-automobilwirtschaft-mit-mario-rico#breadcrumb\",\"itemListElement\":[{\"@type\":\"ListItem\",\"position\":1,\"name\":\"Startseite\",\"item\":\"https:\\\/\\\/www.prudentes.de\\\/\"},{\"@type\":\"ListItem\",\"position\":2,\"name\":\"Podcast: ZAW | Zukunft Automobilwirtschaft mit Christian Ach\"}]},{\"@type\":\"WebSite\",\"@id\":\"https:\\\/\\\/www.prudentes.de\\\/#website\",\"url\":\"https:\\\/\\\/www.prudentes.de\\\/\",\"name\":\"Prudentes\",\"description\":\"Prudentes Management GmbH\",\"potentialAction\":[{\"@type\":\"SearchAction\",\"target\":{\"@type\":\"EntryPoint\",\"urlTemplate\":\"https:\\\/\\\/www.prudentes.de\\\/?s={search_term_string}\"},\"query-input\":{\"@type\":\"PropertyValueSpecification\",\"valueRequired\":true,\"valueName\":\"search_term_string\"}}],\"inLanguage\":\"en-US\"},{\"@type\":\"Person\",\"@id\":\"https:\\\/\\\/www.prudentes.de\\\/#\\\/schema\\\/person\\\/93b72057083c0c4aa888a2cc8b778587\",\"name\":\"Prudentes\",\"image\":{\"@type\":\"ImageObject\",\"inLanguage\":\"en-US\",\"@id\":\"https:\\\/\\\/secure.gravatar.com\\\/avatar\\\/394a838266da979976a9502a8061fc9690356637af29e0726134ddd925513862?s=96&d=mm&r=g\",\"url\":\"https:\\\/\\\/secure.gravatar.com\\\/avatar\\\/394a838266da979976a9502a8061fc9690356637af29e0726134ddd925513862?s=96&d=mm&r=g\",\"contentUrl\":\"https:\\\/\\\/secure.gravatar.com\\\/avatar\\\/394a838266da979976a9502a8061fc9690356637af29e0726134ddd925513862?s=96&d=mm&r=g\",\"caption\":\"Prudentes\"},\"sameAs\":[\"https:\\\/\\\/wordpress.prudentes.de\"],\"url\":\"https:\\\/\\\/www.prudentes.de\\\/en\\\/author\\\/websiteprudentes\"}]}<\/script>\n<!-- \/ Yoast SEO plugin. -->","yoast_head_json":{"title":"Pod\u00adcast: ZAW | Zukunft Auto\u00admo\u00adbil\u00adwirt\u00adschaft mit Chris\u00adti\u00adan Ach \u2014 Prudentes","robots":{"index":"index","follow":"follow","max-snippet":"max-snippet:-1","max-image-preview":"max-image-preview:large","max-video-preview":"max-video-preview:-1"},"canonical":"https:\/\/www.prudentes.de\/en\/podcast-zaw-zukunft-automobilwirtschaft-mit-mario-rico\/","og_locale":"en_US","og_type":"article","og_title":"Podcast: ZAW | Zukunft Automobilwirtschaft mit Christian Ach - Prudentes","og_description":"Willkommen zum Podcast \"Zukunft Automobilwirtschaft\"! Wir sprechen \u00fcber die Zukunft des Automobilhandels und die Themen, die die Branche besch\u00e4ftigen. In unseren Episoden sprechen wir \u00fcber M&amp;A-Prozesse, Nachwuchsf\u00f6rderung, neue Gesch\u00e4ftsmodelle und andere wichtige Themen. Unsere renommierten Interviewpartner teilen ihre Erfahrungen und Einblicke in die Branche und zeigen Strategien f\u00fcr die Herausforderungen der Zukunft auf. Wir laden [&hellip;]","og_url":"https:\/\/www.prudentes.de\/en\/podcast-zaw-zukunft-automobilwirtschaft-mit-mario-rico\/","og_site_name":"Prudentes","article_published_time":"2025-11-26T13:15:26+00:00","article_modified_time":"2026-03-04T13:31:39+00:00","og_image":[{"width":1024,"height":1024,"url":"https:\/\/www.prudentes.de\/wp-content\/uploads\/2026\/03\/Bild15-1024x1024.png","type":"image\/png"}],"author":"Prudentes","twitter_card":"summary_large_image","twitter_misc":{"Written by":"Prudentes","Est. reading time":"3 minutes"},"schema":{"@context":"https:\/\/schema.org","@graph":[{"@type":"Article","@id":"https:\/\/www.prudentes.de\/podcast-zaw-zukunft-automobilwirtschaft-mit-mario-rico#article","isPartOf":{"@id":"https:\/\/www.prudentes.de\/podcast-zaw-zukunft-automobilwirtschaft-mit-mario-rico"},"author":{"name":"Prudentes","@id":"https:\/\/www.prudentes.de\/#\/schema\/person\/93b72057083c0c4aa888a2cc8b778587"},"headline":"Podcast: ZAW | Zukunft Automobilwirtschaft mit Christian Ach","datePublished":"2025-11-26T13:15:26+00:00","dateModified":"2026-03-04T13:31:39+00:00","mainEntityOfPage":{"@id":"https:\/\/www.prudentes.de\/podcast-zaw-zukunft-automobilwirtschaft-mit-mario-rico"},"wordCount":635,"commentCount":0,"image":{"@id":"https:\/\/www.prudentes.de\/podcast-zaw-zukunft-automobilwirtschaft-mit-mario-rico#primaryimage"},"thumbnailUrl":"https:\/\/www.prudentes.de\/wp-content\/uploads\/2026\/03\/Bild15.png","inLanguage":"en-US","potentialAction":[{"@type":"CommentAction","name":"Comment","target":["https:\/\/www.prudentes.de\/podcast-zaw-zukunft-automobilwirtschaft-mit-mario-rico#respond"]}]},{"@type":"WebPage","@id":"https:\/\/www.prudentes.de\/podcast-zaw-zukunft-automobilwirtschaft-mit-mario-rico","url":"https:\/\/www.prudentes.de\/podcast-zaw-zukunft-automobilwirtschaft-mit-mario-rico","name":"Pod\u00adcast: ZAW | Zukunft Auto\u00admo\u00adbil\u00adwirt\u00adschaft mit Chris\u00adti\u00adan Ach \u2014 Prudentes","isPartOf":{"@id":"https:\/\/www.prudentes.de\/#website"},"primaryImageOfPage":{"@id":"https:\/\/www.prudentes.de\/podcast-zaw-zukunft-automobilwirtschaft-mit-mario-rico#primaryimage"},"image":{"@id":"https:\/\/www.prudentes.de\/podcast-zaw-zukunft-automobilwirtschaft-mit-mario-rico#primaryimage"},"thumbnailUrl":"https:\/\/www.prudentes.de\/wp-content\/uploads\/2026\/03\/Bild15.png","datePublished":"2025-11-26T13:15:26+00:00","dateModified":"2026-03-04T13:31:39+00:00","author":{"@id":"https:\/\/www.prudentes.de\/#\/schema\/person\/93b72057083c0c4aa888a2cc8b778587"},"breadcrumb":{"@id":"https:\/\/www.prudentes.de\/podcast-zaw-zukunft-automobilwirtschaft-mit-mario-rico#breadcrumb"},"inLanguage":"en-US","potentialAction":[{"@type":"ReadAction","target":["https:\/\/www.prudentes.de\/podcast-zaw-zukunft-automobilwirtschaft-mit-mario-rico"]}]},{"@type":"ImageObject","inLanguage":"en-US","@id":"https:\/\/www.prudentes.de\/podcast-zaw-zukunft-automobilwirtschaft-mit-mario-rico#primaryimage","url":"https:\/\/www.prudentes.de\/wp-content\/uploads\/2026\/03\/Bild15.png","contentUrl":"https:\/\/www.prudentes.de\/wp-content\/uploads\/2026\/03\/Bild15.png","width":2066,"height":2066},{"@type":"BreadcrumbList","@id":"https:\/\/www.prudentes.de\/podcast-zaw-zukunft-automobilwirtschaft-mit-mario-rico#breadcrumb","itemListElement":[{"@type":"ListItem","position":1,"name":"Startseite","item":"https:\/\/www.prudentes.de\/"},{"@type":"ListItem","position":2,"name":"Podcast: ZAW | Zukunft Automobilwirtschaft mit Christian Ach"}]},{"@type":"WebSite","@id":"https:\/\/www.prudentes.de\/#website","url":"https:\/\/www.prudentes.de\/","name":"Pru\u00adden\u00adtes","description":"Pru\u00adden\u00adtes Manage\u00adment&nbsp;GmbH","potentialAction":[{"@type":"SearchAction","target":{"@type":"EntryPoint","urlTemplate":"https:\/\/www.prudentes.de\/?s={search_term_string}"},"query-input":{"@type":"PropertyValueSpecification","valueRequired":true,"valueName":"search_term_string"}}],"inLanguage":"en-US"},{"@type":"Person","@id":"https:\/\/www.prudentes.de\/#\/schema\/person\/93b72057083c0c4aa888a2cc8b778587","name":"Pru\u00adden\u00adtes","image":{"@type":"ImageObject","inLanguage":"en-US","@id":"https:\/\/secure.gravatar.com\/avatar\/394a838266da979976a9502a8061fc9690356637af29e0726134ddd925513862?s=96&d=mm&r=g","url":"https:\/\/secure.gravatar.com\/avatar\/394a838266da979976a9502a8061fc9690356637af29e0726134ddd925513862?s=96&d=mm&r=g","contentUrl":"https:\/\/secure.gravatar.com\/avatar\/394a838266da979976a9502a8061fc9690356637af29e0726134ddd925513862?s=96&d=mm&r=g","caption":"Prudentes"},"sameAs":["https:\/\/wordpress.prudentes.de"],"url":"https:\/\/www.prudentes.de\/en\/author\/websiteprudentes"}]}},"_links":{"self":[{"href":"https:\/\/www.prudentes.de\/en\/wp-json\/wp\/v2\/posts\/3601","targetHints":{"allow":["GET"]}}],"collection":[{"href":"https:\/\/www.prudentes.de\/en\/wp-json\/wp\/v2\/posts"}],"about":[{"href":"https:\/\/www.prudentes.de\/en\/wp-json\/wp\/v2\/types\/post"}],"author":[{"embeddable":true,"href":"https:\/\/www.prudentes.de\/en\/wp-json\/wp\/v2\/users\/1"}],"replies":[{"embeddable":true,"href":"https:\/\/www.prudentes.de\/en\/wp-json\/wp\/v2\/comments?post=3601"}],"version-history":[{"count":3,"href":"https:\/\/www.prudentes.de\/en\/wp-json\/wp\/v2\/posts\/3601\/revisions"}],"predecessor-version":[{"id":3609,"href":"https:\/\/www.prudentes.de\/en\/wp-json\/wp\/v2\/posts\/3601\/revisions\/3609"}],"wp:featuredmedia":[{"embeddable":true,"href":"https:\/\/www.prudentes.de\/en\/wp-json\/wp\/v2\/media\/3613"}],"wp:attachment":[{"href":"https:\/\/www.prudentes.de\/en\/wp-json\/wp\/v2\/media?parent=3601"}],"wp:term":[{"taxonomy":"category","embeddable":true,"href":"https:\/\/www.prudentes.de\/en\/wp-json\/wp\/v2\/categories?post=3601"},{"taxonomy":"post_tag","embeddable":true,"href":"https:\/\/www.prudentes.de\/en\/wp-json\/wp\/v2\/tags?post=3601"}],"curies":[{"name":"wp","href":"https:\/\/api.w.org\/{rel}","templated":true}]}}